{"id":58,"date":"2014-05-23T14:54:19","date_gmt":"2014-05-23T14:54:19","guid":{"rendered":"http:\/\/esominhaopiniao.com.br\/wp_opiniao\/?p=58"},"modified":"2014-05-23T14:54:19","modified_gmt":"2014-05-23T14:54:19","slug":"por-que-protestamos","status":"publish","type":"post","link":"https:\/\/esominhaopiniao.com.br\/?p=58","title":{"rendered":"Por que protestamos?"},"content":{"rendered":"<p style=\"text-align: justify;\">O brasileiro \u00e9 conhecido por ser conformado por natureza. O que houve, ent\u00e3o, para sairmos em manifesto pelas ruas nos \u00faltimos dias? O aumento da tarifa? Acho uma justificativa pouco prov\u00e1vel. Da \u00faltima vez que tivemos um movimento dessas propor\u00e7\u00f5es foi pelo fim da ditadura e depois com os caras pintadas em nome do impeachment do presidente Collor. Naquele tempo, muitas lideran\u00e7as e at\u00e9 a pr\u00f3pria imprensa chamavam o povo para a grande movimenta\u00e7\u00e3o.<img decoding=\"async\" title=\"Mais...\" src=\"http:\/\/espacotorres.com.br\/wp_opiniao\/wp-includes\/js\/tinymce\/plugins\/wordpress\/img\/trans.gif\" alt=\"\" \/><!--more--><\/p>\n<p style=\"text-align: justify;\">Agora, ap\u00f3s conquistarmos muitos direitos, podemos falar e escrever o que quisermos. Por parte do governo e do modelo democr\u00e1tico de gest\u00e3o vimos a cria\u00e7\u00e3o de diversas bolsas-aux\u00edlio, aumento do cr\u00e9dito para compras, os impostos parecem ter diminu\u00eddo para aumentar as vendas e o consumo. Mas, ent\u00e3o, por que protestamos? Tenho um palpite: as pessoas est\u00e3o se dando conta que o modelo de gest\u00e3o p\u00fablica do nosso pa\u00eds est\u00e1 falido.<\/p>\n<p style=\"text-align: justify;\">Neste modelo de democr\u00e1tico que vivemos, pagamos impostos nos munic\u00edpios e o dinheiro vai todo para Bras\u00edlia para o governo central definir o que \u00e9 melhor para o Brasil. Este mesmo modelo permite que cada governante eleito &#8211; seja presidente, governador ou prefeito &#8211; n\u00e3o poupe recursos para cargos de confian\u00e7a, mordomias, etc. Neste caso, a conta n\u00e3o fecha e a\u00ed faltam recursos para a sa\u00fade, educa\u00e7\u00e3o e seguran\u00e7a.<\/p>\n<p style=\"text-align: justify;\">Esse modelo de democracia faz dos pol\u00edticos eleitos donos de seus mandatos. Ao povo que os elegeu n\u00e3o sobram grandes recursos para tir\u00e1-los do poder. Podemos comparar a administra\u00e7\u00e3o dos 5 mil munic\u00edpios brasileiros a administra\u00e7\u00e3o de um condom\u00ednio e, logo veremos que os n\u00fameros n\u00e3o fazem muito sentido. Com um prefeito e 9 vereadores que recebem sal\u00e1rios incompat\u00edveis com a m\u00e9dia de sal\u00e1rio da sua cidade e que colocam em seus gabinetes amigos e parentes, faltam recursos para manter o b\u00e1sico.<\/p>\n<p style=\"text-align: justify;\">Sobra burocracia e incompet\u00eancia e falta o m\u00ednimo de cuidado com o dinheiro p\u00fablico. Trata-se de um modelo de gest\u00e3o p\u00fablica que penaliza o empres\u00e1rio, que n\u00e3o oferece um m\u00ednimo de qualidade em qualquer servi\u00e7o, especialmente nos mais essenciais, como sa\u00fade, educa\u00e7\u00e3o e seguran\u00e7a. Sim, precisamos mudar o modelo, mas por onde come\u00e7ar?<\/p>\n<p style=\"text-align: justify;\">Devemos come\u00e7ar por:<\/p>\n<p style=\"text-align: justify;\"><strong>A)<\/strong>\u00a0alterar a lei de organiza\u00e7\u00e3o de partidos, para que o partido seja organizado nas bases. Que n\u00e3o exista mais a executiva provis\u00f3ria nos partidos, que todas sejam executivas eleitas e com mandato, das municipais a nacional, alterando a ordem de forma\u00e7\u00e3o: as municipais elegem a estadual, as estaduais elegem a nacional.<\/p>\n<p style=\"text-align: justify;\"><strong>B)<\/strong>\u00a0fazer uma reforma fiscal, em que a maioria dos recursos arrecadados fiquem nos munic\u00edpios, redistribuindo as fun\u00e7\u00f5es.<\/p>\n<p style=\"text-align: justify;\"><strong>C)<\/strong>\u00a0reforma pol\u00edtica com voto distrital, n\u00e3o permitindo mais de duas elei\u00e7\u00f5es para o mesmo cargo no legislativo.<\/p>\n<p style=\"text-align: justify;\"><strong>D)<\/strong>\u00a0limitar o n\u00famero de vereadores e cargos de confian\u00e7a nas diversas esferas do governo, especialmente nos pequenos munic\u00edpios.<\/p>\n<p style=\"text-align: right;\"><em><b>Ademar Batista Pereira<\/b>\u00a0\u2013 Diretor da Escola Atua\u00e7\u00e3o, presidente da FEPEsul (Federa\u00e7\u00e3o dos Estabelecimentos Particulares de Ensino da Regi\u00e3o Sul) e articulista do site www.esominhaopiniao.com.br.<\/em><\/p>\n","protected":false},"excerpt":{"rendered":"<p>O brasileiro \u00e9 conhecido por ser conformado por natureza. O que houve, ent\u00e3o, para sairmos em manifesto pelas ruas nos \u00faltimos dias? O aumento da tarifa? Acho uma justificativa pouco prov\u00e1vel. Da \u00faltima vez que tivemos um movimento dessas propor\u00e7\u00f5es foi pelo fim da ditadura e depois com os caras pintadas em nome do impeachment [&hellip;]<\/p>\n","protected":false},"author":2,"featured_media":0,"comment_status":"open","ping_status":"open","sticky":false,"template":"","format":"standard","meta":{"footnotes":""},"categories":[2],"tags":[],"_links":{"self":[{"href":"https:\/\/esominhaopiniao.com.br\/index.php?rest_route=\/wp\/v2\/posts\/58"}],"collection":[{"href":"https:\/\/esominhaopiniao.com.br\/index.php?rest_route=\/wp\/v2\/posts"}],"about":[{"href":"https:\/\/esominhaopiniao.com.br\/index.php?rest_route=\/wp\/v2\/types\/post"}],"author":[{"embeddable":true,"href":"https:\/\/esominhaopiniao.com.br\/index.php?rest_route=\/wp\/v2\/users\/2"}],"replies":[{"embeddable":true,"href":"https:\/\/esominhaopiniao.com.br\/index.php?rest_route=%2Fwp%2Fv2%2Fcomments&post=58"}],"version-history":[{"count":0,"href":"https:\/\/esominhaopiniao.com.br\/index.php?rest_route=\/wp\/v2\/posts\/58\/revisions"}],"wp:attachment":[{"href":"https:\/\/esominhaopiniao.com.br\/index.php?rest_route=%2Fwp%2Fv2%2Fmedia&parent=58"}],"wp:term":[{"taxonomy":"category","embeddable":true,"href":"https:\/\/esominhaopiniao.com.br\/index.php?rest_route=%2Fwp%2Fv2%2Fcategories&post=58"},{"taxonomy":"post_tag","embeddable":true,"href":"https:\/\/esominhaopiniao.com.br\/index.php?rest_route=%2Fwp%2Fv2%2Ftags&post=58"}],"curies":[{"name":"wp","href":"https:\/\/api.w.org\/{rel}","templated":true}]}}