{"id":42,"date":"2011-10-06T10:00:43","date_gmt":"2011-10-06T10:00:43","guid":{"rendered":"http:\/\/esominhaopiniao.com.br\/wp_opiniao\/?p=42"},"modified":"2011-10-06T10:00:43","modified_gmt":"2011-10-06T10:00:43","slug":"o-dia-das-criancas-os-presentes-e-o-consumo","status":"publish","type":"post","link":"https:\/\/esominhaopiniao.com.br\/?p=42","title":{"rendered":"O Dia das Crian\u00e7as, os presentes e o consumo"},"content":{"rendered":"<p style=\"text-align: justify;\">Com a proximidade do Dia das Crian\u00e7as, muitos pais lotam lojas e shoppings a procura de presentes para seus filhos. Muitos, com a consci\u00eancia \u2018pesada\u2019 por n\u00e3o terem tempo para seus filhos fazem desta atitude um h\u00e1bito. Outros compram todas as \u00faltimas novidades dispon\u00edveis no mercado porque acreditam que nada pode faltar as suas crian\u00e7as. E, tem aqueles, que n\u00e3o tiveram muitas condi\u00e7\u00f5es quando pequenos e n\u00e3o querem que seus filhos passem pelas mesmas priva\u00e7\u00f5es.<img decoding=\"async\" title=\"Mais...\" alt=\"\" src=\"http:\/\/espacotorres.com.br\/wp_opiniao\/wp-includes\/js\/tinymce\/plugins\/wordpress\/img\/trans.gif\" \/><!--more--><\/p>\n<p style=\"text-align: justify;\">Todos os atos t\u00eam sua justificativa. Por\u00e9m, \u00e9 preciso uma reflex\u00e3o mais profunda, para pensarmos quais s\u00e3o as consequ\u00eancias dessas atitudes consumistas para a forma\u00e7\u00e3o das nossas crian\u00e7as e adolescentes. No tempo em que \u00e9ramos crian\u00e7as, ao menos para os adultos com mais de 30 anos, nossos pais tamb\u00e9m n\u00e3o tinham muito tempo n\u00f3s. Raramente, o pai reservava um momento s\u00f3 para conversar com a crian\u00e7a ou para brincar no parque, de carrinho e de bicicleta. Essas coisas, n\u00f3s vivenci\u00e1vamos com os amigos e vizinhos. O pai, quando nos chamava para conversar, invariavelmente era porque hav\u00edamos \u2018aprontado alguma\u2019, depois da m\u00e3e ter nos avisado v\u00e1rias vezes que contaria para ele.<\/p>\n<p style=\"text-align: justify;\">As m\u00e3es, em sua maioria, n\u00e3o trabalhavam fora, mas muitas precisavam cuidar sozinhas das crian\u00e7as, cozinhar e ainda fazer artesanato, costura, bolachas e p\u00e3es como forma de ajudar no sustento da fam\u00edlia. Ou seja, naquele tempo, a m\u00e3e tamb\u00e9m n\u00e3o tinha tempo para brincar de boneca, carrinho ou outra atividade com os filhos. No m\u00e1ximo, elas acompanhavam a li\u00e7\u00e3o de casa e depois deixavam as crian\u00e7as livres para brincar.<\/p>\n<p style=\"text-align: justify;\">Ent\u00e3o, por que tamanho peso na consci\u00eancia dos pais de hoje? Presentear os filhos a cada data comemorativa n\u00e3o \u00e9 errado, mas precisamos lembrar que o principal \u00e9 ensinar os limites, dar afeto, carinho e pensar na forma\u00e7\u00e3o humana. Sen\u00e3o, quando estas crian\u00e7as aprender\u00e3o a valorizar o mundo em que vivem, se eles t\u00eam o que querem a toda hora? Existe uma m\u00e1xima antiga que diz: \u201cQuem n\u00e3o valoriza o pouco, n\u00e3o merece o muito\u201d. N\u00f3s, que somos pais, precisamos refletir mais: ser\u00e1 que n\u00e3o estamos ensinando nossos filhos a pensar que o \u00fanico sentido da vida \u00e9 comprar?<\/p>\n<p style=\"text-align: justify;\">Evidentemente n\u00e3o sou contra presentes, mas precisamos ajudar nossas crian\u00e7as e adolescentes a crescerem e se desenvolverem. E, resistir a press\u00e3o desse mundo capitalista n\u00e3o \u00e9 f\u00e1cil, afinal temos ainda os av\u00f3s, tios e padrinhos que, invariavelmente, compram presentes para as crian\u00e7as.\u00a0 Mesmo assim, defendo que devemos refletir sobre a real necessidade daquele presente. No ato da compra, lembrar da quantidade de lixo que geramos a partir das embalagens da nova aquisi\u00e7\u00e3o; refletir se \u00e9 o momento certo de presentear com algo novo, ou se naquele momento uma conversa, um carinho e um momento em fam\u00edlia podem valer como um verdadeiro presente.\u00a0 No m\u00ednimo, neste Dia das Crian\u00e7as, se for comprar um brinquedo novo, fa\u00e7a uma reciclagem dos antigos e compartilhe uma regra com seu filho: a cada novo brinquedo, um antigo ser\u00e1 doado a quem n\u00e3o tem.<\/p>\n<p style=\"text-align: right;\"><i><strong>Ademar Batista Pereira<\/strong> \u2013 presidente do Sindicato das Escolas Particulares \u2013 Sinepe\/PR.<\/i><\/p>\n","protected":false},"excerpt":{"rendered":"<p>Com a proximidade do Dia das Crian\u00e7as, muitos pais lotam lojas e shoppings a procura de presentes para seus filhos. Muitos, com a consci\u00eancia \u2018pesada\u2019 por n\u00e3o terem tempo para seus filhos fazem desta atitude um h\u00e1bito. Outros compram todas as \u00faltimas novidades dispon\u00edveis no mercado porque acreditam que nada pode faltar as suas crian\u00e7as. [&hellip;]<\/p>\n","protected":false},"author":2,"featured_media":0,"comment_status":"open","ping_status":"open","sticky":false,"template":"","format":"standard","meta":{"footnotes":""},"categories":[2],"tags":[],"_links":{"self":[{"href":"https:\/\/esominhaopiniao.com.br\/index.php?rest_route=\/wp\/v2\/posts\/42"}],"collection":[{"href":"https:\/\/esominhaopiniao.com.br\/index.php?rest_route=\/wp\/v2\/posts"}],"about":[{"href":"https:\/\/esominhaopiniao.com.br\/index.php?rest_route=\/wp\/v2\/types\/post"}],"author":[{"embeddable":true,"href":"https:\/\/esominhaopiniao.com.br\/index.php?rest_route=\/wp\/v2\/users\/2"}],"replies":[{"embeddable":true,"href":"https:\/\/esominhaopiniao.com.br\/index.php?rest_route=%2Fwp%2Fv2%2Fcomments&post=42"}],"version-history":[{"count":0,"href":"https:\/\/esominhaopiniao.com.br\/index.php?rest_route=\/wp\/v2\/posts\/42\/revisions"}],"wp:attachment":[{"href":"https:\/\/esominhaopiniao.com.br\/index.php?rest_route=%2Fwp%2Fv2%2Fmedia&parent=42"}],"wp:term":[{"taxonomy":"category","embeddable":true,"href":"https:\/\/esominhaopiniao.com.br\/index.php?rest_route=%2Fwp%2Fv2%2Fcategories&post=42"},{"taxonomy":"post_tag","embeddable":true,"href":"https:\/\/esominhaopiniao.com.br\/index.php?rest_route=%2Fwp%2Fv2%2Ftags&post=42"}],"curies":[{"name":"wp","href":"https:\/\/api.w.org\/{rel}","templated":true}]}}