{"id":40,"date":"2011-08-22T10:00:37","date_gmt":"2011-08-22T10:00:37","guid":{"rendered":"http:\/\/esominhaopiniao.com.br\/wp_opiniao\/?p=40"},"modified":"2011-08-22T10:00:37","modified_gmt":"2011-08-22T10:00:37","slug":"a-violencia-e-a-indisciplina","status":"publish","type":"post","link":"https:\/\/esominhaopiniao.com.br\/?p=40","title":{"rendered":"A viol\u00eancia e a indisciplina"},"content":{"rendered":"<p style=\"text-align: justify;\">A viol\u00eancia tem ocupado a maior parte do notici\u00e1rio. Como se diz popularmente: se espremer, sai sangue. Em casa, vivemos cercados por grades, muros, sem falar nos seguran\u00e7as privados, alarmes, etc. Uma ind\u00fastria da \u201cinseguran\u00e7a\u201d que nos torna ref\u00e9ns do medo. A discuss\u00e3o est\u00e1 em todos os lugares, e invariavelmente, chega \u00e0 escola.<img decoding=\"async\" title=\"Mais...\" alt=\"\" src=\"http:\/\/espacotorres.com.br\/wp_opiniao\/wp-includes\/js\/tinymce\/plugins\/wordpress\/img\/trans.gif\" \/><!--more--><\/p>\n<p style=\"text-align: justify;\">Neste sentido, precisamos separar a viol\u00eancia do problema disciplinar. O problema disciplinar bem resolvido na escola ou em casa dificilmente se tornar\u00e1 viol\u00eancia. Todos n\u00f3s adultos, precisamos observar e tratar com nossas crian\u00e7as os pequenos delitos, as pequenas agress\u00f5es. Desde muito cedo, as crian\u00e7as tendem a querer ganhar no grito, e os adultos por medo, receio ou despreparo acaba cedendo. Com o passar dos anos, as exig\u00eancias aumentam e o problema disciplinar pode acabar em viol\u00eancia.<\/p>\n<p style=\"text-align: justify;\">O que ocorre \u00e9 que muitos adultos confundem essas coisas. A escola tem condi\u00e7\u00f5es, ferramentas, e tem claro em seu regimento como resolver os problemas de disciplina. Atualmente, existem muitos questionamentos para com a autonomia da escola, e isso tem criando muitas dificuldades, o que leva ao aumento dos casos de indisciplina at\u00e9 chegar na viol\u00eancia.<\/p>\n<p style=\"text-align: justify;\">Em rela\u00e7\u00e3o aos problemas de disciplina nas escolas, acredito na parceria da escola com a fam\u00edlia, e tenho certeza que a fam\u00edlia tendo conhecimento tomar\u00e1 as provid\u00eancias, colaborar\u00e1 com a escola na solu\u00e7\u00e3o dos problemas. O que temos hoje, s\u00e3o pais que n\u00e3o sabem bem como lidar com as crian\u00e7as e adolescentes, sentem-se desautorizados, de m\u00e3os amarradas, e acabam querendo que a escola resolva tudo. Isso explica recente pesquisa, que mostra que mais de 80% dos pais esperam que a escola reviste as crian\u00e7as para verificar se n\u00e3o est\u00e3o com armas ou drogas. Sendo que para as fam\u00edlias<\/p>\n<p style=\"text-align: justify;\">seria muito mais f\u00e1cil fazer isso, j\u00e1 que eles tem uma ou duas crian\u00e7as. Poderiam revista-los antes de sair de casa.<\/p>\n<p style=\"text-align: justify;\">As trag\u00e9dias em escolas, que tem atormentado as fam\u00edlias e a sociedade, s\u00e3o casos isolados e tratam-se de um problema de seguran\u00e7a p\u00fablica. Afinal, infelizmente estamos sujeitos a viol\u00eancia seja ao ir a um cinema, shopping ou mercado. A escola j\u00e1 tem muito que fazer: ensinar, resolver os problemas de aprendizagem, disciplinares, etc. n\u00e3o cabe a escola resolver o problema da seguran\u00e7a p\u00fablica. Esta fun\u00e7\u00e3o \u00e9 estado brasileiro e um direito de todos n\u00f3s. Como sugest\u00e3o, uma escola integral at\u00e9 os 14 anos que tirasse nossas crian\u00e7as e jovens das ruas ajudaria muito em m\u00e9dio prazo, mas para isso precisamos de investimentos e do interesse p\u00fablico. Precisamos urgentemente de apoio do estado, pois estamos acuados com medo e sem saber para quem pedir ajuda.<\/p>\n<p style=\"text-align: right;\"><em><b>Ademar Batista Pereira<\/b>\u00a0\u2013 presidente do Sinepe\/PR.<\/em><\/p>\n","protected":false},"excerpt":{"rendered":"<p>A viol\u00eancia tem ocupado a maior parte do notici\u00e1rio. Como se diz popularmente: se espremer, sai sangue. Em casa, vivemos cercados por grades, muros, sem falar nos seguran\u00e7as privados, alarmes, etc. Uma ind\u00fastria da \u201cinseguran\u00e7a\u201d que nos torna ref\u00e9ns do medo. A discuss\u00e3o est\u00e1 em todos os lugares, e invariavelmente, chega \u00e0 escola.<\/p>\n","protected":false},"author":2,"featured_media":0,"comment_status":"open","ping_status":"open","sticky":false,"template":"","format":"standard","meta":{"footnotes":""},"categories":[2],"tags":[],"_links":{"self":[{"href":"https:\/\/esominhaopiniao.com.br\/index.php?rest_route=\/wp\/v2\/posts\/40"}],"collection":[{"href":"https:\/\/esominhaopiniao.com.br\/index.php?rest_route=\/wp\/v2\/posts"}],"about":[{"href":"https:\/\/esominhaopiniao.com.br\/index.php?rest_route=\/wp\/v2\/types\/post"}],"author":[{"embeddable":true,"href":"https:\/\/esominhaopiniao.com.br\/index.php?rest_route=\/wp\/v2\/users\/2"}],"replies":[{"embeddable":true,"href":"https:\/\/esominhaopiniao.com.br\/index.php?rest_route=%2Fwp%2Fv2%2Fcomments&post=40"}],"version-history":[{"count":0,"href":"https:\/\/esominhaopiniao.com.br\/index.php?rest_route=\/wp\/v2\/posts\/40\/revisions"}],"wp:attachment":[{"href":"https:\/\/esominhaopiniao.com.br\/index.php?rest_route=%2Fwp%2Fv2%2Fmedia&parent=40"}],"wp:term":[{"taxonomy":"category","embeddable":true,"href":"https:\/\/esominhaopiniao.com.br\/index.php?rest_route=%2Fwp%2Fv2%2Fcategories&post=40"},{"taxonomy":"post_tag","embeddable":true,"href":"https:\/\/esominhaopiniao.com.br\/index.php?rest_route=%2Fwp%2Fv2%2Ftags&post=40"}],"curies":[{"name":"wp","href":"https:\/\/api.w.org\/{rel}","templated":true}]}}