{"id":34,"date":"2011-06-02T10:00:45","date_gmt":"2011-06-02T10:00:45","guid":{"rendered":"http:\/\/esominhaopiniao.com.br\/wp_opiniao\/?p=34"},"modified":"2011-06-02T10:00:45","modified_gmt":"2011-06-02T10:00:45","slug":"mostra-de-reciclagem-da-escola-particular-na-semana-do-meio-ambiente","status":"publish","type":"post","link":"https:\/\/esominhaopiniao.com.br\/?p=34","title":{"rendered":"Mostra de reciclagem da escola particular na Semana do Meio Ambiente"},"content":{"rendered":"<p style=\"text-align: justify;\">Temos v\u00e1rios assuntos que tem pauta garantida na m\u00eddia, seguramente os principais no Brasil s\u00e3o: a corrup\u00e7\u00e3o, educa\u00e7\u00e3o, e meio ambiente. Na Semana Nacional do Meio Ambiente que transcorre no exato momento, temos a discuss\u00e3o do novo c\u00f3digo florestal, not\u00edcias sobre o n\u00edvel de emiss\u00f5es de g\u00e1s carbono, etc.<img decoding=\"async\" title=\"Mais...\" alt=\"\" src=\"http:\/\/espacotorres.com.br\/wp_opiniao\/wp-includes\/js\/tinymce\/plugins\/wordpress\/img\/trans.gif\" \/><!--more--><\/p>\n<p style=\"text-align: justify;\">Evidente que as grandes discuss\u00f5es e as posi\u00e7\u00f5es dos governos quanto aos problemas ambientais s\u00e3o importantes, mas precisamos tratar o problema ambiental tamb\u00e9m do ponto de vista do consumidor. Portanto de cada um de n\u00f3s, pois somos n\u00f3s, consumidores, que podemos definir: quero gerar esse lixo, ou vou transform\u00e1-lo em mat\u00e9ria-prima?<\/p>\n<p style=\"text-align: justify;\">Ao responder essa simples pergunta poderemos contribuir e muito para a diminui\u00e7\u00e3o da gera\u00e7\u00e3o de lixo, e consequentemente todos os efeitos nocivos do desequilibro ambiental. Se todos responderem essa quest\u00e3o para cada ato de consumo, tornaremos o mundo muito mais sustent\u00e1vel. Por essa raz\u00e3o o Sindicato das Escolas Particulares &#8211; SINEPE\/PR idealizou o projeto Planeta Recicl\u00e1vel e vem desenvolvendo a\u00e7\u00f5es junto \u00e0s escolas no sentido de que cada aluno possa ser o multiplicador para fazer essa pergunta e levar seus familiares e amigos ao mesmo questionamento.<\/p>\n<p style=\"text-align: justify;\">O projeto Planeta Recicl\u00e1vel atua em v\u00e1rias frentes, sempre voltado \u00e0 educa\u00e7\u00e3o ambiental. Nesse sentido o SINEPE\/PR promove anualmente a II Mostra de Reciclagem de Res\u00edduos S\u00f3lidos da Escola Particular. Este ano acontece neste s\u00e1bado (4) junto a Semana Nacional do Meio Ambiente. O evento traz trabalhos de alunos e professores que mostram como utilizar o \u201cisopor\u201d que \u00e9 100% recicl\u00e1vel e outros material s\u00f3lidos como ferramenta pedag\u00f3gica.<\/p>\n<p style=\"text-align: justify;\">Acreditamos que atrav\u00e9s dos alunos atingimos a maioria dos adultos, pois as crian\u00e7as s\u00e3o os verdadeiros agentes de transforma\u00e7\u00e3o da sociedade. Atrav\u00e9s da escola podemos melhorar e muito nossos h\u00e1bitos de consumo, ent\u00e3o venha conferir os trabalhos da Mostra de Reciclagem e fa\u00e7a tamb\u00e9m a sua parte.<\/p>\n<p style=\"text-align: justify;\">CONVITE<br \/>\n<b>II Mostra de reciclagem de res\u00edduos s\u00f3lidos<br \/>\nData:<\/b>\u00a04\/06\/2011<br \/>\n<b>Hor\u00e1rio:<\/b>\u00a010h \u00e0s 22h<br \/>\n<b>Local:<\/b>\u00a0<strong>Shopping Palladium<br \/>\n<\/strong>Evento aberto ao p\u00fablico<\/p>\n<p style=\"text-align: right;\"><em><b>Ademar Batista Pereira,<\/b>\u00a0presidente do Sinepe\/PR.<\/em><\/p>\n","protected":false},"excerpt":{"rendered":"<p>Temos v\u00e1rios assuntos que tem pauta garantida na m\u00eddia, seguramente os principais no Brasil s\u00e3o: a corrup\u00e7\u00e3o, educa\u00e7\u00e3o, e meio ambiente. Na Semana Nacional do Meio Ambiente que transcorre no exato momento, temos a discuss\u00e3o do novo c\u00f3digo florestal, not\u00edcias sobre o n\u00edvel de emiss\u00f5es de g\u00e1s carbono, etc.<\/p>\n","protected":false},"author":2,"featured_media":0,"comment_status":"open","ping_status":"open","sticky":false,"template":"","format":"standard","meta":{"footnotes":""},"categories":[2],"tags":[],"_links":{"self":[{"href":"https:\/\/esominhaopiniao.com.br\/index.php?rest_route=\/wp\/v2\/posts\/34"}],"collection":[{"href":"https:\/\/esominhaopiniao.com.br\/index.php?rest_route=\/wp\/v2\/posts"}],"about":[{"href":"https:\/\/esominhaopiniao.com.br\/index.php?rest_route=\/wp\/v2\/types\/post"}],"author":[{"embeddable":true,"href":"https:\/\/esominhaopiniao.com.br\/index.php?rest_route=\/wp\/v2\/users\/2"}],"replies":[{"embeddable":true,"href":"https:\/\/esominhaopiniao.com.br\/index.php?rest_route=%2Fwp%2Fv2%2Fcomments&post=34"}],"version-history":[{"count":0,"href":"https:\/\/esominhaopiniao.com.br\/index.php?rest_route=\/wp\/v2\/posts\/34\/revisions"}],"wp:attachment":[{"href":"https:\/\/esominhaopiniao.com.br\/index.php?rest_route=%2Fwp%2Fv2%2Fmedia&parent=34"}],"wp:term":[{"taxonomy":"category","embeddable":true,"href":"https:\/\/esominhaopiniao.com.br\/index.php?rest_route=%2Fwp%2Fv2%2Fcategories&post=34"},{"taxonomy":"post_tag","embeddable":true,"href":"https:\/\/esominhaopiniao.com.br\/index.php?rest_route=%2Fwp%2Fv2%2Ftags&post=34"}],"curies":[{"name":"wp","href":"https:\/\/api.w.org\/{rel}","templated":true}]}}