{"id":321,"date":"2018-06-15T19:28:50","date_gmt":"2018-06-15T19:28:50","guid":{"rendered":"http:\/\/esominhaopiniao.com.br\/?p=321"},"modified":"2018-06-15T19:28:50","modified_gmt":"2018-06-15T19:28:50","slug":"suicidio-de-adolescentes-noticia-que-abala-e-exige-reflexao","status":"publish","type":"post","link":"https:\/\/esominhaopiniao.com.br\/?p=321","title":{"rendered":"Suic\u00eddio de adolescentes, not\u00edcia que abala e exige reflex\u00e3o"},"content":{"rendered":"<p>Casos de suic\u00eddio abalam toda a sociedade, \u00e9 como se o tempo parasse e come\u00e7am os porqu\u00eas. \u201cE se?\u201d, \u201cO que faltou ou est\u00e1 faltando?\u201d. E o inevit\u00e1vel: buscamos culpados. Mas o que fica \u00e9 uma quest\u00e3o profunda, o que leva um jovem a ceifar a pr\u00f3pria vida, se a sociedade luta incessantemente para proteger e prolong\u00e1-la?<!--more--><\/p>\n<p>A not\u00edcia do suic\u00eddio dos dois adolescentes que estudavam em um mesmo Col\u00e9gio de renome da capital de S\u00e3o Paulo, acompanhada de informa\u00e7\u00f5es de outros casos em v\u00e1rios estados, traz \u00e0 tona uma preocupa\u00e7\u00e3o sobre como estamos vendo nossas crian\u00e7as e adolescentes. Ou, como n\u00e3o estamos vendo.<\/p>\n<p>As preocupa\u00e7\u00f5es invadem as fam\u00edlias e, consequentemente, a grande fam\u00edlia que forma a comunidade educacional. Nesse sentido, a FENEP &#8211; Federa\u00e7\u00e3o Nacional das Escolas Particulares, representante das mais de 40 mil escolas particulares brasileiras, ciente da grande participa\u00e7\u00e3o para a educa\u00e7\u00e3o e ensino dos mais de 15 milh\u00f5es de crian\u00e7as e jovens brasileiros, se solidariza com a fam\u00edlia e a comunidade escolar brasileira.<\/p>\n<p>Temos chamado a aten\u00e7\u00e3o para a necessidade de reflex\u00e3o da realidade de nossa sociedade, observando aspectos que permeiam a vida dos jovens. S\u00e3o cobran\u00e7as excessivas (ou a aus\u00eancia delas), exig\u00eancias de supera\u00e7\u00e3o, rela\u00e7\u00f5es fantasiosas e superficiais, a valoriza\u00e7\u00e3o do ter e n\u00e3o do ser, amizades meramente virtuais, e tantos outros problemas da vida contempor\u00e2nea de nossos jovens que acabam gerando consequ\u00eancias perturbadoras.<\/p>\n<p>A escola aborda como tema transversal em sua proposta pedag\u00f3gica um dos assuntos mais atordoantes e que deixam a sociedade vulner\u00e1vel: a viol\u00eancia social do mundo contempor\u00e2neo em todas as suas vertentes e formas mais cru\u00e9is. A Base Nacional Comum Curricular (BNCC) tamb\u00e9m traz indica\u00e7\u00f5es importantes de um trabalho nessa \u00e1rea, ao apontar as compet\u00eancias gerais que devem ser desenvolvidas, como: conhecer-se, apreciar-se e cuidar de sua sa\u00fade f\u00edsica e emocional, compreendendo-se na diversidade humana e reconhecendo suas emo\u00e7\u00f5es e as dos outros com autocr\u00edtica e capacidade para lidar com elas.<\/p>\n<p>\u00c9 preciso exercitar a empatia, o di\u00e1logo, a resolu\u00e7\u00e3o de conflitos e a coopera\u00e7\u00e3o, fazendo-se respeitar e promovendo o respeito ao outro e aos direitos humanos, com acolhimento e valoriza\u00e7\u00e3o da diversidade dos indiv\u00edduos e dos grupos sociais, seus saberes, identidades, culturas e potencialidades, sem preconceitos de qualquer natureza.<\/p>\n<p>No contexto escolar, os profissionais de educa\u00e7\u00e3o podem e devem fomentar a discuss\u00e3o e a reflex\u00e3o a respeito da sociedade que vivemos, que cidad\u00e3os formamos, e o que \u00e9 a t\u00e3o sonhada felicidade, tanto no \u00e2mbito social, como para cada indiv\u00edduo. Por\u00e9m n\u00e3o podemos resumir a complexidade da forma\u00e7\u00e3o humana, que \u00e9 um processo que se inicia ao nascer e termina ao morrer, como responsabilidade exclusiva da escola. Reconhecemos que esta pode e vem fazendo um grande enfrentamento na forma\u00e7\u00e3o de valores, de respeito \u00e0s leis, \u00e0s normas, \u00e0s pessoas e especialmente \u00e0 vida. A escola particular enfrenta todos os dias a sua tarefa de ajudar a sociedade a educar as pr\u00f3ximas gera\u00e7\u00f5es. Mas a sociedade precisa ter clareza do papel de cada ente social. E o in\u00edcio disso se d\u00e1 com as pessoas reconhecendo o que precisam e a responsabilidade que cabe a cada um, mas muitas vezes, a escola parece estar sozinha nesse papel.<\/p>\n<p><strong><em>Ademar Batista Pereira<\/em><\/strong><br \/>\n<em>Presidente da Federa\u00e7\u00e3o Nacional das Escolas Particulares (FENEP)<\/em><\/p>\n","protected":false},"excerpt":{"rendered":"<p>Casos de suic\u00eddio abalam toda a sociedade, \u00e9 como se o tempo parasse e come\u00e7am os porqu\u00eas. \u201cE se?\u201d, \u201cO que faltou ou est\u00e1 faltando?\u201d. E o inevit\u00e1vel: buscamos culpados. Mas o que fica \u00e9 uma quest\u00e3o profunda, o que leva um jovem a ceifar a pr\u00f3pria vida, se a sociedade luta incessantemente para proteger [&hellip;]<\/p>\n","protected":false},"author":2,"featured_media":0,"comment_status":"open","ping_status":"open","sticky":false,"template":"","format":"standard","meta":{"footnotes":""},"categories":[2],"tags":[],"_links":{"self":[{"href":"https:\/\/esominhaopiniao.com.br\/index.php?rest_route=\/wp\/v2\/posts\/321"}],"collection":[{"href":"https:\/\/esominhaopiniao.com.br\/index.php?rest_route=\/wp\/v2\/posts"}],"about":[{"href":"https:\/\/esominhaopiniao.com.br\/index.php?rest_route=\/wp\/v2\/types\/post"}],"author":[{"embeddable":true,"href":"https:\/\/esominhaopiniao.com.br\/index.php?rest_route=\/wp\/v2\/users\/2"}],"replies":[{"embeddable":true,"href":"https:\/\/esominhaopiniao.com.br\/index.php?rest_route=%2Fwp%2Fv2%2Fcomments&post=321"}],"version-history":[{"count":0,"href":"https:\/\/esominhaopiniao.com.br\/index.php?rest_route=\/wp\/v2\/posts\/321\/revisions"}],"wp:attachment":[{"href":"https:\/\/esominhaopiniao.com.br\/index.php?rest_route=%2Fwp%2Fv2%2Fmedia&parent=321"}],"wp:term":[{"taxonomy":"category","embeddable":true,"href":"https:\/\/esominhaopiniao.com.br\/index.php?rest_route=%2Fwp%2Fv2%2Fcategories&post=321"},{"taxonomy":"post_tag","embeddable":true,"href":"https:\/\/esominhaopiniao.com.br\/index.php?rest_route=%2Fwp%2Fv2%2Ftags&post=321"}],"curies":[{"name":"wp","href":"https:\/\/api.w.org\/{rel}","templated":true}]}}