{"id":30,"date":"2011-04-01T10:00:58","date_gmt":"2011-04-01T10:00:58","guid":{"rendered":"http:\/\/esominhaopiniao.com.br\/wp_opiniao\/?p=30"},"modified":"2011-04-01T10:00:58","modified_gmt":"2011-04-01T10:00:58","slug":"o-compromisso-social-das-escolas-particulares","status":"publish","type":"post","link":"https:\/\/esominhaopiniao.com.br\/?p=30","title":{"rendered":"O compromisso social das escolas particulares"},"content":{"rendered":"<p style=\"text-align: justify;\">O ambiente escolar \u00e9 prop\u00edcio para o aprendizado das disciplinas b\u00e1sicas, da vida em sociedade e tamb\u00e9m de quest\u00f5es que permeiam o dia-a-dia de todos os cidad\u00e3os. Quest\u00f5es lan\u00e7adas pela escola levam a reflex\u00e3o n\u00e3o apenas dos estudantes, mas de professores, funcion\u00e1rios e vai al\u00e9m dos muros escolares ecoando entre pais, familiares e amigos.<img decoding=\"async\" title=\"Mais...\" alt=\"\" src=\"http:\/\/espacotorres.com.br\/wp_opiniao\/wp-includes\/js\/tinymce\/plugins\/wordpress\/img\/trans.gif\" \/><!--more--><\/p>\n<p style=\"text-align: justify;\">Com esta miss\u00e3o de difundir o conhecimento, as escolas particulares do Paran\u00e1 inclu\u00edram a pr\u00e1tica da responsabilidade social nas atividades cotidianas. No m\u00eas de maio, o Sindicato das Escolas Particulares do Paran\u00e1 \u2013 Sinepe\/PR leva para toda a sociedade um pouco mais deste trabalho por meio da II Mostra de Responsabilidade Social da Escola Particular.<\/p>\n<p style=\"text-align: justify;\">A iniciativa tem como objetivo mostrar a atitude \u00e9tica das institui\u00e7\u00f5es de ensino participantes em rela\u00e7\u00e3o ao desenvolvimento de suas atividades. As institui\u00e7\u00f5es privadas de ensino s\u00e3o empresas que praticam a responsabilidade social em rela\u00e7\u00e3o a seus funcion\u00e1rios, fornecedores, clientes, governo, concorrentes, meio ambiente e comunidade.<\/p>\n<p style=\"text-align: justify;\">N\u00e3o basta mais a preocupa\u00e7\u00e3o apenas em rela\u00e7\u00e3o ao pr\u00f3prio neg\u00f3cio, \u00e9 preciso uma nova postura calcada em valores \u00e9ticos que promovam o desenvolvimento sustentado da sociedade como um todo. Assumir compromissos sociais com a comunidade tamb\u00e9m \u00e9 um pensamento sustent\u00e1vel.<\/p>\n<p style=\"text-align: justify;\">Por acreditar e praticar estas atitudes, o Sinepe\/PR quer mostrar mais uma vez a import\u00e2ncia do ensino particular para a sociedade.\u00a0 Por isso, convidamos a todos a comparecer na II Mostra de Responsabilidade Social da Escola Particular no pr\u00f3ximo dia 1\u00ba de maio. O evento acontece junto ao tradicional churrasco do Pequeno Cotolengo, das 11h \u00e0s 16h. Na oportunidade, institui\u00e7\u00f5es de ensino particular associadas ao Sindicato, associa\u00e7\u00f5es e ONGs v\u00e3o expor seus projetos sociais e ambientais.<\/p>\n<p style=\"text-align: justify;\">Quem quiser saber mais informa\u00e7\u00f5es sobre os projetos sociais das institui\u00e7\u00f5es de ensino e do Sinepe\/PR est\u00e1 convidado a participar desta corrente do bem. Entre em contato por meio do telefone (41) 3078-6933 e informe-se.<\/p>\n<p style=\"text-align: right;\"><i><strong>Ademar Batista Pereira<\/strong>, presidente do Sindicato<br \/>\ndas Escolas Particulares do Paran\u00e1 \u2013 Sinepe\/PR.<\/i><\/p>\n","protected":false},"excerpt":{"rendered":"<p>O ambiente escolar \u00e9 prop\u00edcio para o aprendizado das disciplinas b\u00e1sicas, da vida em sociedade e tamb\u00e9m de quest\u00f5es que permeiam o dia-a-dia de todos os cidad\u00e3os. Quest\u00f5es lan\u00e7adas pela escola levam a reflex\u00e3o n\u00e3o apenas dos estudantes, mas de professores, funcion\u00e1rios e vai al\u00e9m dos muros escolares ecoando entre pais, familiares e amigos.<\/p>\n","protected":false},"author":2,"featured_media":0,"comment_status":"open","ping_status":"open","sticky":false,"template":"","format":"standard","meta":{"footnotes":""},"categories":[2],"tags":[],"_links":{"self":[{"href":"https:\/\/esominhaopiniao.com.br\/index.php?rest_route=\/wp\/v2\/posts\/30"}],"collection":[{"href":"https:\/\/esominhaopiniao.com.br\/index.php?rest_route=\/wp\/v2\/posts"}],"about":[{"href":"https:\/\/esominhaopiniao.com.br\/index.php?rest_route=\/wp\/v2\/types\/post"}],"author":[{"embeddable":true,"href":"https:\/\/esominhaopiniao.com.br\/index.php?rest_route=\/wp\/v2\/users\/2"}],"replies":[{"embeddable":true,"href":"https:\/\/esominhaopiniao.com.br\/index.php?rest_route=%2Fwp%2Fv2%2Fcomments&post=30"}],"version-history":[{"count":0,"href":"https:\/\/esominhaopiniao.com.br\/index.php?rest_route=\/wp\/v2\/posts\/30\/revisions"}],"wp:attachment":[{"href":"https:\/\/esominhaopiniao.com.br\/index.php?rest_route=%2Fwp%2Fv2%2Fmedia&parent=30"}],"wp:term":[{"taxonomy":"category","embeddable":true,"href":"https:\/\/esominhaopiniao.com.br\/index.php?rest_route=%2Fwp%2Fv2%2Fcategories&post=30"},{"taxonomy":"post_tag","embeddable":true,"href":"https:\/\/esominhaopiniao.com.br\/index.php?rest_route=%2Fwp%2Fv2%2Ftags&post=30"}],"curies":[{"name":"wp","href":"https:\/\/api.w.org\/{rel}","templated":true}]}}