{"id":290,"date":"2017-06-05T15:06:21","date_gmt":"2017-06-05T15:06:21","guid":{"rendered":"http:\/\/esominhaopiniao.com.br\/?p=290"},"modified":"2017-06-05T15:06:21","modified_gmt":"2017-06-05T15:06:21","slug":"um-ano-de-temer-melhor-um-ano-sem-pt","status":"publish","type":"post","link":"https:\/\/esominhaopiniao.com.br\/?p=290","title":{"rendered":"Um ano de Temer, melhor um ano sem PT"},"content":{"rendered":"<p style=\"text-align: justify;\">Dia 12 de maio completou um ano que Michael Temer assumiu o governo do Brasil, depois de 13 anos de Partido dos Trabalhadores (PT). Os analistas, demonstrando a habitual vis\u00e3o de curto prazo, fizeram um balan\u00e7o e passaram a cobrar muitos avan\u00e7os e resultados n\u00e3o alcan\u00e7\u00e1veis em t\u00e3o curto espa\u00e7o de tempo.<!--more--><\/p>\n<p style=\"text-align: justify;\">Em todo o mundo, os socialistas governaram at\u00e9 acabar o dinheiro e n\u00e3o foi diferente no Brasil. Pegaram um pa\u00eds pobre, corrupto e de povo pacifico, apostaram tudo na divis\u00e3o do pa\u00eds entre o n\u00f3s e o contra eles. Mas precisamente o PT entrou no poder central com a promessa e esperan\u00e7a de combate \u00e0 corrup\u00e7\u00e3o, pois segundo seus l\u00edderes, somente o PT, dentre todos s\u00f3 partidos, era \u00edntegro e puro para acabar com a corrup\u00e7\u00e3o hist\u00f3rica no Brasil.<\/p>\n<p style=\"text-align: justify;\">Ap\u00f3s 13 anos de governo dessa gangue, incr\u00edvel, o mesmo n\u00famero do partido, o que sobrou?<\/p>\n<p style=\"text-align: justify;\">Todos os principais l\u00edderes do partido presos ou na emin\u00eancia de ser. O principal l\u00edder e fundador, que ao se eleger presidente, poderia ter optado em ser o estadista que o Brasil tanto precisava, optou em ser o chefe da quadrilha que se instalou no Planalto Central.<\/p>\n<p style=\"text-align: justify;\">O Brasil realmente \u00e9 um pa\u00eds aben\u00e7oado e faz jus \u00e0 fama de que Deus \u00e9 brasileiro! O PT chegou ao poder num pa\u00eds melhor estruturado; com imprensa livre, institui\u00e7\u00f5es mais fortes, e um povo mais consciente da import\u00e2ncia dos valores, um povo preocupado com a forma\u00e7\u00e3o moral de seus filhos, um povo que trabalha muito; mas ap\u00f3s o Plano Real, as reformas da Lei de Responsabilidade Fiscal, entre outras a\u00e7\u00f5es que garantiram maior transpar\u00eancia na gest\u00e3o da coisa p\u00fablica o PT n\u00e3o conseguiu levar seu plano a cabo: seu projeto de socialismo, pois, na vis\u00e3o bolchevique da maioria dos seus membros, n\u00e3o contavam que a transpar\u00eancia e democracia n\u00e3o combina com socialismo. N\u00e3o conseguiram transformar o Brasil numa Venezuela ou unir a Am\u00e9rica do Sul em uma s\u00f3 vis\u00e3o socialista, apoiando os principais socialistas da regi\u00e3o. Ent\u00e3o o plano ficou muito grande para a vis\u00e3o estreita dos bolcheviques brasileiros.<\/p>\n<p style=\"text-align: justify;\">Mas mesmo sendo o Brasil um pa\u00eds bastante estruturado, conseguiram-no deixar, praticante, em ru\u00ednas. Mais de 200 mil empresas quebraram, infla\u00e7\u00e3o, juro alto, desemprego na iniciativa privada, altos sal\u00e1rios e benef\u00edcios no setor p\u00fablico, completo desprezo pela produ\u00e7\u00e3o, efici\u00eancia e m\u00e9rito.<\/p>\n<p style=\"text-align: justify;\">Nunca antes nesse pa\u00eds tivemos um per\u00edodo de tanta esperan\u00e7a e com tanta descri\u00e7\u00e3o, pois mesmo quem nunca votou no PT, esperava que, no m\u00ednimo, aproveitassem a oportunidade.<\/p>\n<p style=\"text-align: justify;\">N\u00e3o podemos esperar uma melhoria significativa na economia e na pol\u00edtica brasileira, mas j\u00e1 temos alguma esperan\u00e7a, isso j\u00e1 temos! Por\u00e9m, temos que salientar que o Brasil perdeu, nesses \u00faltimos 20 anos, uma das \u00faltimas oportunidades de se desenvolver e de ocupar um espa\u00e7o no mundo das na\u00e7\u00f5es desenvolvidas. O pa\u00eds n\u00e3o fez isso por culpa do PT e de seus bolcheviques ladr\u00f5es, que t\u00eam essa vis\u00e3o de explorar e expropriar um povo trabalhador e sofrido.<\/p>\n<p style=\"text-align: justify;\">Hoje temos um ambiente empresarial completamente quebrado. Quem gera emprego, paga imposto e sustenta um pa\u00eds s\u00e3o as empresas e seus empreendedores, governos podem, no m\u00e1ximo, atrapalhar menos. Sem empresa n\u00e3o tem emprego e, sem emprego, n\u00e3o tem produ\u00e7\u00e3o, n\u00e3o tem consumo e n\u00e3o tem imposto para sustentar o governo.<\/p>\n<p style=\"text-align: justify;\">Viva! Um ano sem o PT. Espero que para nunca mais, espero que tenhamos aprendido a li\u00e7\u00e3o, pois o \u00fanico lugar em que o sucesso vem antes do trabalho \u00e9 no dicion\u00e1rio e para o PT.<\/p>\n<p style=\"text-align: justify;\"><em><strong>Ademar Batista Pereira<\/strong> &#8211; educador e vice-presidente da Federa\u00e7\u00e3o Nacional das Escolas Particulares (FENEP)<\/em><\/p>\n","protected":false},"excerpt":{"rendered":"<p>Dia 12 de maio completou um ano que Michael Temer assumiu o governo do Brasil, depois de 13 anos de Partido dos Trabalhadores (PT). Os analistas, demonstrando a habitual vis\u00e3o de curto prazo, fizeram um balan\u00e7o e passaram a cobrar muitos avan\u00e7os e resultados n\u00e3o alcan\u00e7\u00e1veis em t\u00e3o curto espa\u00e7o de tempo.<\/p>\n","protected":false},"author":2,"featured_media":0,"comment_status":"open","ping_status":"open","sticky":false,"template":"","format":"standard","meta":{"footnotes":""},"categories":[2],"tags":[],"_links":{"self":[{"href":"https:\/\/esominhaopiniao.com.br\/index.php?rest_route=\/wp\/v2\/posts\/290"}],"collection":[{"href":"https:\/\/esominhaopiniao.com.br\/index.php?rest_route=\/wp\/v2\/posts"}],"about":[{"href":"https:\/\/esominhaopiniao.com.br\/index.php?rest_route=\/wp\/v2\/types\/post"}],"author":[{"embeddable":true,"href":"https:\/\/esominhaopiniao.com.br\/index.php?rest_route=\/wp\/v2\/users\/2"}],"replies":[{"embeddable":true,"href":"https:\/\/esominhaopiniao.com.br\/index.php?rest_route=%2Fwp%2Fv2%2Fcomments&post=290"}],"version-history":[{"count":0,"href":"https:\/\/esominhaopiniao.com.br\/index.php?rest_route=\/wp\/v2\/posts\/290\/revisions"}],"wp:attachment":[{"href":"https:\/\/esominhaopiniao.com.br\/index.php?rest_route=%2Fwp%2Fv2%2Fmedia&parent=290"}],"wp:term":[{"taxonomy":"category","embeddable":true,"href":"https:\/\/esominhaopiniao.com.br\/index.php?rest_route=%2Fwp%2Fv2%2Fcategories&post=290"},{"taxonomy":"post_tag","embeddable":true,"href":"https:\/\/esominhaopiniao.com.br\/index.php?rest_route=%2Fwp%2Fv2%2Ftags&post=290"}],"curies":[{"name":"wp","href":"https:\/\/api.w.org\/{rel}","templated":true}]}}