{"id":26,"date":"2010-12-13T10:00:59","date_gmt":"2010-12-13T10:00:59","guid":{"rendered":"http:\/\/esominhaopiniao.com.br\/wp_opiniao\/?p=26"},"modified":"2010-12-13T10:00:59","modified_gmt":"2010-12-13T10:00:59","slug":"o-resultado-do-pisa-da-rede-particular-x-rede-federal","status":"publish","type":"post","link":"https:\/\/esominhaopiniao.com.br\/?p=26","title":{"rendered":"O resultado do Pisa  da rede particular x rede federal"},"content":{"rendered":"<p style=\"text-align: justify;\">O resultado m\u00e9dio da rede federal no Pisa (Programa Internacional de Avalia\u00e7\u00e3o de Estudantes) nas tr\u00eas \u00e1reas (leitura, ci\u00eancia e matem\u00e1tica) foi 528 pontos, contra 502 da rede particular. Numa analise superficial, o ministro da Educa\u00e7\u00e3o, Fernando Haddad fez o seguinte coment\u00e1rio: \u201c\u00c9 uma rede pequena, mas \u00e9 a prova de que o setor p\u00fablico sabe oferecer uma boa educa\u00e7\u00e3o. Para isso, tem de remunerar bem o professor, investir em laborat\u00f3rio e investir em educa\u00e7\u00e3o integral. Todos s\u00e3o componentes do sucesso educacional\u201d, ressaltou.<img decoding=\"async\" title=\"Mais...\" alt=\"\" src=\"http:\/\/espacotorres.com.br\/wp_opiniao\/wp-includes\/js\/tinymce\/plugins\/wordpress\/img\/trans.gif\" \/><!--more--><\/p>\n<p style=\"text-align: justify;\">Se analisarmos mais profundamente, percebemos que os estudantes das escolas federais ficaram com resultados melhores do que a rede privada brasileira por alguns motivos que dependem da educa\u00e7\u00e3o particular. Vejamos:<\/p>\n<p style=\"text-align: justify;\">As escolas federais brasileiras, aqui inclu\u00eddas os Col\u00e9gios Militares e os CEFET- Centros Federais de Educa\u00e7\u00e3o fazem vestibulares com mais de 50 candidatos por vaga. Invariavelmente os aprovados s\u00e3o oriundos das melhores escolas particulares.<\/p>\n<p style=\"text-align: justify;\">Essas institui\u00e7\u00f5es t\u00eam excelente infra-estrutura, com investimentos de mais de R$900,00\/m\u00eas por aluno, de custo. As escolas particulares mais caras podem ultrapassar esse valor, mas de faturamento. Precisamos considerar que as escolas particulares pagam impostos, a base de 40% da receita.<\/p>\n<p style=\"text-align: justify;\">Ap\u00f3s fazer essas considera\u00e7\u00f5es, podemos concluir que a escola particular brasileira vem desempenhando seu papel. Faz uma educa\u00e7\u00e3o desde a base, inclusiva e respeitando as diferen\u00e7as e a grande diversidade brasileira.<\/p>\n<p style=\"text-align: justify;\">Ficando evidente a maior efici\u00eancia da iniciativa privada, tanto no que diz respeito \u00e0 qualidade do ensino oferecido, bem como na gest\u00e3o dos recursos arrecadados atrav\u00e9s das mensalidades, pois al\u00e9m de praticar pre\u00e7os mais adequados do que as escolas p\u00fablicas da rede federal, ainda contribui para a arrecada\u00e7\u00e3o de impostos.<\/p>\n<p style=\"text-align: justify;\">Ao analisarmos os resultados do Pisa com um pouco mais de crit\u00e9rio, podemos observar que a Educa\u00e7\u00e3o B\u00e1sica no Brasil deixa muito a desejar. Os resultados s\u00e3o muito ruins, pois precisamos considerar que a grande maioria, quase 90% dos nossos estudantes da educa\u00e7\u00e3o b\u00e1sica est\u00e3o nas escolas p\u00fablicas, e os resultados obtidos nessas escolas s\u00e3o inaceit\u00e1veis para um pa\u00eds que precisa crescer e se desenvolver. Os resultados divulgados colocam as escola particular brasileira entre os 10 pa\u00edses melhores avaliados, ou seja, a escola particular vai bem obrigado, apesar de todos os percal\u00e7os.<\/p>\n<p style=\"text-align: right;\"><b>Ademar Batista Pereira<\/b>\u00a0<i>\u2013 Presidente do Sindicato<br \/>\ndas Escolas Particulares do Paran\u00e1, Sinepe\/PR.<\/i><\/p>\n","protected":false},"excerpt":{"rendered":"<p>O resultado m\u00e9dio da rede federal no Pisa (Programa Internacional de Avalia\u00e7\u00e3o de Estudantes) nas tr\u00eas \u00e1reas (leitura, ci\u00eancia e matem\u00e1tica) foi 528 pontos, contra 502 da rede particular. Numa analise superficial, o ministro da Educa\u00e7\u00e3o, Fernando Haddad fez o seguinte coment\u00e1rio: \u201c\u00c9 uma rede pequena, mas \u00e9 a prova de que o setor p\u00fablico [&hellip;]<\/p>\n","protected":false},"author":2,"featured_media":0,"comment_status":"open","ping_status":"open","sticky":false,"template":"","format":"standard","meta":{"footnotes":""},"categories":[2],"tags":[],"_links":{"self":[{"href":"https:\/\/esominhaopiniao.com.br\/index.php?rest_route=\/wp\/v2\/posts\/26"}],"collection":[{"href":"https:\/\/esominhaopiniao.com.br\/index.php?rest_route=\/wp\/v2\/posts"}],"about":[{"href":"https:\/\/esominhaopiniao.com.br\/index.php?rest_route=\/wp\/v2\/types\/post"}],"author":[{"embeddable":true,"href":"https:\/\/esominhaopiniao.com.br\/index.php?rest_route=\/wp\/v2\/users\/2"}],"replies":[{"embeddable":true,"href":"https:\/\/esominhaopiniao.com.br\/index.php?rest_route=%2Fwp%2Fv2%2Fcomments&post=26"}],"version-history":[{"count":0,"href":"https:\/\/esominhaopiniao.com.br\/index.php?rest_route=\/wp\/v2\/posts\/26\/revisions"}],"wp:attachment":[{"href":"https:\/\/esominhaopiniao.com.br\/index.php?rest_route=%2Fwp%2Fv2%2Fmedia&parent=26"}],"wp:term":[{"taxonomy":"category","embeddable":true,"href":"https:\/\/esominhaopiniao.com.br\/index.php?rest_route=%2Fwp%2Fv2%2Fcategories&post=26"},{"taxonomy":"post_tag","embeddable":true,"href":"https:\/\/esominhaopiniao.com.br\/index.php?rest_route=%2Fwp%2Fv2%2Ftags&post=26"}],"curies":[{"name":"wp","href":"https:\/\/api.w.org\/{rel}","templated":true}]}}