{"id":238,"date":"2016-06-01T15:00:11","date_gmt":"2016-06-01T15:00:11","guid":{"rendered":"http:\/\/esominhaopiniao.com.br\/?p=238"},"modified":"2016-06-01T15:00:11","modified_gmt":"2016-06-01T15:00:11","slug":"os-maranhao-da-politica-brasileira","status":"publish","type":"post","link":"https:\/\/esominhaopiniao.com.br\/?p=238","title":{"rendered":"Os &#8220;Maranh\u00e3o&#8221; da pol\u00edtica brasileira"},"content":{"rendered":"<p style=\"text-align: justify;\">Vivemos um dos momentos mais interessantes da sociedade brasileira, pois estamos nos dando conta do n\u00edvel dos pol\u00edticos que nos representam. Descobrimos onde est\u00e1 o problema, na pol\u00edtica e no custo que os pol\u00edticos representam, mas nos sentimos impotentes, pois achamos que tudo isso n\u00e3o depende de &#8220;n\u00f3s\u201d. N\u00f3s entre aspas porque precisamos refletir, \u201cn\u00f3s\u201d \u00e9 muita gente, nunca sou eu, a culpa \u00e9 minha, pois quando falamos \u201cn\u00f3s\u201d falamos dos outros, em geral n\u00e3o serve para a primeira pessoa.<!--more--><\/p>\n<p style=\"text-align: justify;\">Ent\u00e3o os &#8220;Maranh\u00e3o&#8221;, os &#8220;Lula&#8221;, as &#8220;Dilma&#8221;, da nossa pol\u00edtica \u00e9 m\u00e9rito de toda a sociedade brasileira. Eu, assim como voc\u00ea somos respons\u00e1veis por essas aberra\u00e7\u00f5es. Por a\u00e7\u00e3o ou na maioria das vezes por omiss\u00e3o deixamos os mesmos na pol\u00edtica, n\u00e3o participamos de pol\u00edtica, nem de reuni\u00e3o de condom\u00ednio, pois n\u00e3o queremos sair do conforto das nossas coisas para defender o coletivo, o uso eficiente dos recursos e da gest\u00e3o eficiente da coisa p\u00fablica.<\/p>\n<p style=\"text-align: justify;\">Ao olharmos em volta, estamos cheios de &#8220;Maranh\u00e3o&#8221; em todos os n\u00edveis da pol\u00edtica. Na nossa cidade temos os mesmos nomes h\u00e1 mais de 30 anos, s\u00e3o os mesmos pol\u00edticos, as mesmas ideias, as mesmas vis\u00f5es, n\u00e3o surpreende que tenhamos os mesmos resultados.<\/p>\n<p style=\"text-align: justify;\">Se essa crise moral, de valores e financeira que estamos vivendo nos servir para maior participa\u00e7\u00e3o na pol\u00edtica, ent\u00e3o ter\u00e1 valido a pena. Mas precisamos urgentemente deixar de falar &#8220;n\u00f3s&#8221;, &#8220;todo mundo&#8221; ou &#8220;ningu\u00e9m&#8221; para nos referirmos na primeira pessoa, e disponibilizar um tempo para a reuni\u00e3o do condom\u00ednio, da associa\u00e7\u00e3o do bairro, no conselho de seguran\u00e7a e para nos candidatarmos a vereador, prefeito, deputado, governador, senador e presidente. Precisamos urgentemente participar da sociedade. Ou as pessoas que pagam a conta ocupam os espa\u00e7os p\u00fablicos e a pol\u00edtica ou sempre teremos os mesmos nomes e seus herdeiros fazendo da pol\u00edtica uma profiss\u00e3o familiar.<\/p>\n<p style=\"text-align: justify;\"><em><strong>Ademar Batista Pereira<\/strong> &#8211; empres\u00e1rio, educador e vice-presidente da Fenep (Federa\u00e7\u00e3o Nacional das Escolas Particulares).<\/em><\/p>\n","protected":false},"excerpt":{"rendered":"<p>Vivemos um dos momentos mais interessantes da sociedade brasileira, pois estamos nos dando conta do n\u00edvel dos pol\u00edticos que nos representam. Descobrimos onde est\u00e1 o problema, na pol\u00edtica e no custo que os pol\u00edticos representam, mas nos sentimos impotentes, pois achamos que tudo isso n\u00e3o depende de &#8220;n\u00f3s\u201d. N\u00f3s entre aspas porque precisamos refletir, \u201cn\u00f3s\u201d [&hellip;]<\/p>\n","protected":false},"author":2,"featured_media":0,"comment_status":"open","ping_status":"open","sticky":false,"template":"","format":"standard","meta":{"footnotes":""},"categories":[2],"tags":[],"_links":{"self":[{"href":"https:\/\/esominhaopiniao.com.br\/index.php?rest_route=\/wp\/v2\/posts\/238"}],"collection":[{"href":"https:\/\/esominhaopiniao.com.br\/index.php?rest_route=\/wp\/v2\/posts"}],"about":[{"href":"https:\/\/esominhaopiniao.com.br\/index.php?rest_route=\/wp\/v2\/types\/post"}],"author":[{"embeddable":true,"href":"https:\/\/esominhaopiniao.com.br\/index.php?rest_route=\/wp\/v2\/users\/2"}],"replies":[{"embeddable":true,"href":"https:\/\/esominhaopiniao.com.br\/index.php?rest_route=%2Fwp%2Fv2%2Fcomments&post=238"}],"version-history":[{"count":0,"href":"https:\/\/esominhaopiniao.com.br\/index.php?rest_route=\/wp\/v2\/posts\/238\/revisions"}],"wp:attachment":[{"href":"https:\/\/esominhaopiniao.com.br\/index.php?rest_route=%2Fwp%2Fv2%2Fmedia&parent=238"}],"wp:term":[{"taxonomy":"category","embeddable":true,"href":"https:\/\/esominhaopiniao.com.br\/index.php?rest_route=%2Fwp%2Fv2%2Fcategories&post=238"},{"taxonomy":"post_tag","embeddable":true,"href":"https:\/\/esominhaopiniao.com.br\/index.php?rest_route=%2Fwp%2Fv2%2Ftags&post=238"}],"curies":[{"name":"wp","href":"https:\/\/api.w.org\/{rel}","templated":true}]}}