{"id":235,"date":"2015-12-12T16:10:10","date_gmt":"2015-12-12T16:10:10","guid":{"rendered":"http:\/\/esominhaopiniao.com.br\/?p=235"},"modified":"2015-12-12T16:10:10","modified_gmt":"2015-12-12T16:10:10","slug":"novos-parametros-curriculares-ou-doutrinacao-das-criancas","status":"publish","type":"post","link":"https:\/\/esominhaopiniao.com.br\/?p=235","title":{"rendered":"Novos par\u00e2metros curriculares ou doutrina\u00e7\u00e3o das crian\u00e7as?"},"content":{"rendered":"<p style=\"text-align: justify;\">O governo do PT e o que tem de mais radical e atrasado na sociedade brasileira est\u00e3o dando a cartada final na doutrina\u00e7\u00e3o da sociedade atrav\u00e9s das crian\u00e7as.\u00a0Na disciplina de hist\u00f3ria simplesmente querem tirar a hist\u00f3ria da civiliza\u00e7\u00e3o ocidental, do Imp\u00e9rio Romano a Revolu\u00e7\u00e3o Francesa, substituindo pela hist\u00f3ria ind\u00edgena e sua forma\u00e7\u00e3o \u00e9tnica, por outro lado e n\u00e3o por acaso, a hist\u00f3ria americana.<!--more--><\/p>\n<p style=\"text-align: justify;\">Assim, na sala de aula, os professores j\u00e1 devidamente doutrinados poder\u00e3o se apoiar nos conte\u00fados para demostrar a desgra\u00e7a do capitalismo e imperialismo americano subjugando a inoc\u00eancia dos \u00edndios. Ainda mais, far\u00e3o a defesa intransigente do coitadinho e a devida puni\u00e7\u00e3o do monstro comedor de crian\u00e7as do capitalismo.<\/p>\n<p style=\"text-align: justify;\">N\u00e3o ser\u00e3o ensinados para nossos alunos a base da democracia ocidental, os avan\u00e7os nos direitos humanos e individuais da Revolu\u00e7\u00e3o Francesa, nem t\u00e3o pouco a import\u00e2ncia para a forma\u00e7\u00e3o da diversidade brasileira da emigra\u00e7\u00e3o europ\u00e9ia at\u00e9 o s\u00e9culo 20.<\/p>\n<p style=\"text-align: justify;\">Em l\u00edngua portuguesa para os alunos do quinto ano, ou seja, com 10 anos de idade, os professores ensinar\u00e3o a fazer abaixo assinado para reivindicar seus direitos, organizar movimentos etc.<\/p>\n<p style=\"text-align: justify;\">Percebam que o processo est\u00e1 muito bem desenhado, pois no \u00faltimo ano da primeira etapa do Ensino Fundamental, em que os alunos est\u00e3o com pedagogas, professores ainda n\u00e3o muito doutrinados, mas deixando o caminho asfaltado para os professores de hist\u00f3ria, geografia e filosofia do sexto ano do Ensino M\u00e9dio trabalharem a doutrina\u00e7\u00e3o e demoniza\u00e7\u00e3o do capital e o endeusamento do socialismo \u00e9 o &#8220;coitadismo&#8221;.<\/p>\n<p style=\"text-align: justify;\">A partir dessa aberra\u00e7\u00e3o dever\u00e3o ser confeccionados os livros did\u00e1ticos e materiais pedag\u00f3gicos. No final, na avalia\u00e7\u00e3o do ENEM basta valorizar esses conhecimentos. Pronto: teremos jovens socialistas e votos com a vis\u00e3o socialista\/coitadista dessa gente.<\/p>\n<p style=\"text-align: justify;\">N\u00e3o podemos permitir uma aberra\u00e7\u00e3o dessa natureza. N\u00e3o bastasse todos os preju\u00edzos, financeiros, moral, o sentimento de coitadinho, o aumento do preconceito, essa discuss\u00e3o de g\u00eanero, e muitas outras mazelas invis\u00edveis que o PT est\u00e1 deixando a na\u00e7\u00e3o brasileira. Em todas as mudan\u00e7as feitas na educa\u00e7\u00e3o, como se fosse poss\u00edvel melhorar a educa\u00e7\u00e3o fazendo leis e doutrinando as pessoas com essa vis\u00e3o socialista de esquerda radical.<\/p>\n<p style=\"text-align: justify;\">Essa mudan\u00e7a no curr\u00edculo ser\u00e1 feita como sempre fizeram, como por exemplo nas confer\u00eancias nacionais de educa\u00e7\u00e3o e no Plano Nacional de Educa\u00e7\u00e3o (PNE). Fazem de conta que discutem com toda a sociedade, com o discurso de ampla participa\u00e7\u00e3o, mas na verdade \u00e9 um grupo de radicais incrustados no MEC que escrevem e divulgam o que querem.<\/p>\n<p style=\"text-align: justify;\">Formaram um grupo de mais de cem pessoas, criteriosamente escolhidos por eles mesmos, divulgaram um documento base em outubro e o documento ser\u00e1 finalizado em janeiro. Nesse per\u00edodo em que as escolas est\u00e3o finalizado o ano letivo, sem prazo para estudar e propor qualquer sugest\u00e3o, mas evidentemente que essa \u00e9 a inten\u00e7\u00e3o, pois em todos os pseudos grandes envolvimentos da sociedade o fato de ter mais tempo n\u00e3o significou que as sugest\u00f5es fossem aproveitadas, o que prevaleceu foi a vis\u00e3o socialista de esquerda. Precisamos urgentemente de ajuda para barrar isso.<\/p>\n<p style=\"text-align: justify;\"><em><strong>Ademar Batista Pereira<\/strong> \u2013 educador, diretor de escola e vice-presidente da FENEP (Federa\u00e7\u00e3o Nacional das Escolas Particulares).<\/em><\/p>\n","protected":false},"excerpt":{"rendered":"<p>O governo do PT e o que tem de mais radical e atrasado na sociedade brasileira est\u00e3o dando a cartada final na doutrina\u00e7\u00e3o da sociedade atrav\u00e9s das crian\u00e7as.\u00a0Na disciplina de hist\u00f3ria simplesmente querem tirar a hist\u00f3ria da civiliza\u00e7\u00e3o ocidental, do Imp\u00e9rio Romano a Revolu\u00e7\u00e3o Francesa, substituindo pela hist\u00f3ria ind\u00edgena e sua forma\u00e7\u00e3o \u00e9tnica, por outro [&hellip;]<\/p>\n","protected":false},"author":2,"featured_media":0,"comment_status":"open","ping_status":"open","sticky":false,"template":"","format":"standard","meta":{"footnotes":""},"categories":[2],"tags":[],"_links":{"self":[{"href":"https:\/\/esominhaopiniao.com.br\/index.php?rest_route=\/wp\/v2\/posts\/235"}],"collection":[{"href":"https:\/\/esominhaopiniao.com.br\/index.php?rest_route=\/wp\/v2\/posts"}],"about":[{"href":"https:\/\/esominhaopiniao.com.br\/index.php?rest_route=\/wp\/v2\/types\/post"}],"author":[{"embeddable":true,"href":"https:\/\/esominhaopiniao.com.br\/index.php?rest_route=\/wp\/v2\/users\/2"}],"replies":[{"embeddable":true,"href":"https:\/\/esominhaopiniao.com.br\/index.php?rest_route=%2Fwp%2Fv2%2Fcomments&post=235"}],"version-history":[{"count":0,"href":"https:\/\/esominhaopiniao.com.br\/index.php?rest_route=\/wp\/v2\/posts\/235\/revisions"}],"wp:attachment":[{"href":"https:\/\/esominhaopiniao.com.br\/index.php?rest_route=%2Fwp%2Fv2%2Fmedia&parent=235"}],"wp:term":[{"taxonomy":"category","embeddable":true,"href":"https:\/\/esominhaopiniao.com.br\/index.php?rest_route=%2Fwp%2Fv2%2Fcategories&post=235"},{"taxonomy":"post_tag","embeddable":true,"href":"https:\/\/esominhaopiniao.com.br\/index.php?rest_route=%2Fwp%2Fv2%2Ftags&post=235"}],"curies":[{"name":"wp","href":"https:\/\/api.w.org\/{rel}","templated":true}]}}