{"id":223,"date":"2015-09-14T11:39:18","date_gmt":"2015-09-14T11:39:18","guid":{"rendered":"http:\/\/esominhaopiniao.com.br\/?p=223"},"modified":"2015-09-14T11:39:18","modified_gmt":"2015-09-14T11:39:18","slug":"michel-temer-para-presidente","status":"publish","type":"post","link":"https:\/\/esominhaopiniao.com.br\/?p=223","title":{"rendered":"Michel Temer para presidente!"},"content":{"rendered":"<p style=\"text-align: justify;\">Em situa\u00e7\u00e3o normal de temperatura e press\u00e3o, seria o \u00faltimo nome para ocupar um cargo com essa envergadura, mas considerando as atuais circunst\u00e2ncias, somos obrigados a considerar e analisar essa op\u00e7\u00e3o, sen\u00e3o vejamos:<\/p>\n<p style=\"text-align: justify;\">A crise pol\u00edtica, econ\u00f4mica e moral que os sucessivos governos do PT colocaram o Brasil \u00e9 algo sem precedentes, e caso n\u00e3o sejam retirados do poder teremos uma grande crise em 2015, piorando consideravelmente em 2016, e uma grande estagna\u00e7\u00e3o em 2017 e 2018.<!--more--><\/p>\n<p style=\"text-align: justify;\">No que diz respeito \u00e0 crise pol\u00edtica, essa turma n\u00e3o tem condi\u00e7\u00f5es morais de propor qualquer pacto, pois ningu\u00e9m em boas condi\u00e7\u00f5es mentais acredita nessa gente. Somente ainda acreditam alguns coitados que, por n\u00e3o terem informa\u00e7\u00e3o, n\u00e3o conseguem admitir que foram enganados e aceitam o discurso \u201cs\u00e3o todos iguais\u201d e \u201ctrabalhamos para os pobres\u201d. E, \u00e9 claro, os mal intencionados que est\u00e3o se locupletando do poder no governo.<\/p>\n<p style=\"text-align: justify;\">O setor produtivo est\u00e1 atordoado, especialmente as pequenas empresas, que em sua maioria sair\u00e3o do ramo nesse ano e nos pr\u00f3ximos se nada for feito para resgatar a credibilidade e o humor dos brasileiros.<\/p>\n<p style=\"text-align: justify;\">Resta retirar essa quadrilha e que o vice assuma, ele tem algumas condi\u00e7\u00f5es pol\u00edticas de fazer esse pacto com os poderosos de Bras\u00edlia e o setor produtivo talvez encontre algum sentido em conversar com outro grupo. Ele deve chamar as oposi\u00e7\u00f5es, refazer o governo com uma equipe melhor e mais capacitada. Basta vermos o que ocorreu quando o Collor foi retirado e o Itamar assumiu. Houve um pacto com as oposi\u00e7\u00f5es na \u00e9poca e foi levado ao governo bons administradores, foi o in\u00edcio de um per\u00edodo de organiza\u00e7\u00e3o e estrutura\u00e7\u00e3o do Brasil, com o plano Real, reforma banc\u00e1ria, lei de responsabilidade fiscal, etc.<\/p>\n<p style=\"text-align: justify;\">Aos que dizem que o Temer \u00e9 um pol\u00edtico med\u00edocre, o Itamar tamb\u00e9m n\u00e3o era aquelas coisas, e no momento atual, basta comparar com a Dilma, ou muitos de nossos governadores e prefeitos, cham\u00e1-los de med\u00edocres seria um elogio para muitos. Claro que temos bons pol\u00edticos, mas o momento talvez seja para que algum med\u00edocre demonstre e se supere. A outra alternativa \u00e9 uma longa crise e com desdobramentos imprevis\u00edveis, pois podemos descambar para um caos social, com greves, acirramento da viol\u00eancia, e forte risco institucional.<\/p>\n<p style=\"text-align: justify;\">Acredito que a \u00fanica coisa que ainda segura esse acordo \u00e9 o julgamento no TSE das contas da campanha da Dilma, pois como usaram e abusaram do dinheiro oriundo dos desvios da Petrobras e outras estatais, muito bem revelado na &#8220;Lava Jato&#8221; que doados oficialmente para o PT pelas empresas envolvidas nos bilh\u00f5es at\u00e9 agora descobertos e outros ainda a serem. Caso as contas sejam desaprovadas, as elei\u00e7\u00f5es ser\u00e3o anuladas e teremos outras em 90 dias, nesse caso o vice tamb\u00e9m seria atingido. Caso as contas de campanha, mesmo com as provas irrefut\u00e1veis do roubo e consequentemente esquema de doa\u00e7\u00e3o oficial n\u00e3o sejam considerados pelo TSE e sejam aprovadas mesmo que com ressalvas, o caminho estar\u00e1 aberto para que n\u00e3o percamos mais tempo com essa quadrilha.<\/p>\n<p style=\"text-align: justify;\">Precisamos salvar os poucos empres\u00e1rios que temos, pois a maioria est\u00e1 desanimada, quebrada e desgostosa, sem alguma esperan\u00e7a. Corremos o risco que voltar para uma grande informalidade no setor produtivo, com a necessidade de muitos anos para retomar o embalo e progresso.<\/p>\n<p style=\"text-align: justify;\"><em><strong>Ademar Batista Pereira<\/strong>, empres\u00e1rio e educador. Diretor da FENEP (Federa\u00e7\u00e3o das Nacional das Escolas Particulares).<\/em><\/p>\n","protected":false},"excerpt":{"rendered":"<p>Em situa\u00e7\u00e3o normal de temperatura e press\u00e3o, seria o \u00faltimo nome para ocupar um cargo com essa envergadura, mas considerando as atuais circunst\u00e2ncias, somos obrigados a considerar e analisar essa op\u00e7\u00e3o, sen\u00e3o vejamos: A crise pol\u00edtica, econ\u00f4mica e moral que os sucessivos governos do PT colocaram o Brasil \u00e9 algo sem precedentes, e caso n\u00e3o [&hellip;]<\/p>\n","protected":false},"author":2,"featured_media":0,"comment_status":"open","ping_status":"open","sticky":false,"template":"","format":"standard","meta":{"footnotes":""},"categories":[2],"tags":[],"_links":{"self":[{"href":"https:\/\/esominhaopiniao.com.br\/index.php?rest_route=\/wp\/v2\/posts\/223"}],"collection":[{"href":"https:\/\/esominhaopiniao.com.br\/index.php?rest_route=\/wp\/v2\/posts"}],"about":[{"href":"https:\/\/esominhaopiniao.com.br\/index.php?rest_route=\/wp\/v2\/types\/post"}],"author":[{"embeddable":true,"href":"https:\/\/esominhaopiniao.com.br\/index.php?rest_route=\/wp\/v2\/users\/2"}],"replies":[{"embeddable":true,"href":"https:\/\/esominhaopiniao.com.br\/index.php?rest_route=%2Fwp%2Fv2%2Fcomments&post=223"}],"version-history":[{"count":0,"href":"https:\/\/esominhaopiniao.com.br\/index.php?rest_route=\/wp\/v2\/posts\/223\/revisions"}],"wp:attachment":[{"href":"https:\/\/esominhaopiniao.com.br\/index.php?rest_route=%2Fwp%2Fv2%2Fmedia&parent=223"}],"wp:term":[{"taxonomy":"category","embeddable":true,"href":"https:\/\/esominhaopiniao.com.br\/index.php?rest_route=%2Fwp%2Fv2%2Fcategories&post=223"},{"taxonomy":"post_tag","embeddable":true,"href":"https:\/\/esominhaopiniao.com.br\/index.php?rest_route=%2Fwp%2Fv2%2Ftags&post=223"}],"curies":[{"name":"wp","href":"https:\/\/api.w.org\/{rel}","templated":true}]}}