{"id":220,"date":"2015-08-28T21:50:47","date_gmt":"2015-08-28T21:50:47","guid":{"rendered":"http:\/\/esominhaopiniao.com.br\/?p=220"},"modified":"2015-08-28T21:50:47","modified_gmt":"2015-08-28T21:50:47","slug":"renovacao-dos-contratos-de-pedagio-a-quem-interessa","status":"publish","type":"post","link":"https:\/\/esominhaopiniao.com.br\/?p=220","title":{"rendered":"Renova\u00e7\u00e3o dos contratos de ped\u00e1gio, a quem interessa?"},"content":{"rendered":"<p style=\"text-align: justify;\">Tenho acompanhado as discuss\u00f5es sobre a renova\u00e7\u00e3o &#8211; ou n\u00e3o &#8211; dos contratos de ped\u00e1gio do Paran\u00e1, e confesso que fico estarrecido com a cara de pau de muitas opini\u00f5es. O ped\u00e1gio no Paran\u00e1 foi muito mal implementado por um governo que teve uma boa ideia, mas executou mal. Ou n\u00e3o teve esp\u00edrito p\u00fablico para perceber que o contrato feito na \u00e9poca, dava total garantias as empresas e nenhuma para os pagadores de impostos e taxas. Nos governos posteriores, tivemos as bravatas conhecidas como &#8220;ou abaixa ou acaba&#8221; ou &#8220;estradas da liberdade&#8221; e a \u00faltima chamada &#8220;precisamos conversar&#8221;.<!--more--><\/p>\n<p style=\"text-align: justify;\">Depois de 18 anos pagando ped\u00e1gio que beiram a extors\u00e3o e as principais estradas continuarem as mesmas de 18 anos atr\u00e1s, n\u00e3o foi constru\u00eddo nem terceira pista para facilitar a ultrapassagem de caminh\u00f5es, aos milhares pelos \u00fanicos caminhos para transportar a maior produ\u00e7\u00e3o de um estado brasileiro. Se realmente tiv\u00e9ssemos esp\u00edrito p\u00fablico, essas empresas que expropriaram o setor produtivo do Paran\u00e1, seriam banidas de explorar ped\u00e1gios. Mas o que ocorre, ent\u00e3o, \u00e0s v\u00e9speras de vencer essa barbaridade?<\/p>\n<p style=\"text-align: justify;\">Vem de um lado o governo que ia resolver o problema &#8220;conversando\u201d e teve cinco anos pra fazer e agora quer renovar para atender quem? A Assembleia Legislativa, que deveria representar o povo, o que pensa? O judici\u00e1rio paranaense est\u00e1 do lado de quem? E os representantes do setor produtivo?<br \/>\nAs defesas s\u00e3o muitas para que os contratos seja renovados, com afirma\u00e7\u00e3o do tipo: total transpar\u00eancia, discutir abertamente, foi montado um grupo de estudo.<\/p>\n<p style=\"text-align: justify;\">Agora por acaso me respondam, quando foi assinado o contrato de concess\u00e3o, n\u00e3o foi aprovado na Assembleia? Por acaso, n\u00e3o foi consultado o Tribunal de Contas, ou o contrato foi considerado irregular por esse Tribunal? E essas institui\u00e7\u00f5es que representam o setor produtivo, os denominados G7, n\u00e3o participaram do processo?<\/p>\n<p style=\"text-align: justify;\">Num estado democr\u00e1tico de direito, devemos ter institui\u00e7\u00f5es que sustentam a democracia. Essa sustenta\u00e7\u00e3o se d\u00e1 basicamente com a discuss\u00e3o dos interesses de cada institui\u00e7\u00e3o que representa um setor da economia, sen\u00e3o vejamos:<\/p>\n<p style=\"text-align: justify;\">Poder executivo: caberia administrar impostos e basicamente retribuir \u00e0 sociedade o que dela \u00e9 tirado na forma de imposto. Poder legislativo: deveria representar o povo, os pagadores de impostos, pessoas f\u00edsicas, uma vez que o voto \u00e9 pessoal. O poder judici\u00e1rio: deve servir para controlar basicamente a \u00e2nsia do governante contra seu povo, e atrav\u00e9s do cumprimento das leis, equilibrar a sede e poder do governante contra o povo, e dirimir algumas pend\u00eancias entre pessoas e institui\u00e7\u00f5es, sempre no respeito \u00e0s leis democraticamente aprovada nos parlamentos. Sociedade organizada: aqui entram os representantes das categorias profissionais, empresariais por setor, ind\u00fastria, com\u00e9rcio, servi\u00e7os, etc. No Paran\u00e1 temos um grupo chamado G7, que deveria representar a for\u00e7a do empresariado paranaense.<\/p>\n<p style=\"text-align: justify;\">Ocorre que no Paran\u00e1 e no Brasil, as institui\u00e7\u00f5es que deveriam representar os pagadores de impostos, s\u00e3o o que chamo de &#8220;chapa branca&#8221;, est\u00e3o sempre sentados tomando cafezinho com os governantes de plant\u00e3o. Em geral, s\u00e3o entidades dirigidas por pessoas j\u00e1 h\u00e1 muito tempo fora do dia-a-dia das empresas e trabalhadores. Alguns por j\u00e1 terem vendidos seus neg\u00f3cios, outros por terem sido representantes de trabalhadores e empresas por muitos anos, e j\u00e1 terem perdido a no\u00e7\u00e3o da realidade, outros por puro interesse mesmo.<\/p>\n<p style=\"text-align: justify;\">O executivo, legislativo e judici\u00e1rio, s\u00e3o tr\u00eas pilares para &#8220;ingl\u00eas ver&#8221;, pois funcionam de forma integrada e comprometida com o executivo de plant\u00e3o.<br \/>\nEnt\u00e3o sobre o ped\u00e1gio do Paran\u00e1, eu faria as empresas cumprirem os contratos firmados at\u00e9 o fim, e depois mandava eles para casa. Um pouco de esp\u00edrito p\u00fablico n\u00e3o faz mal a ningu\u00e9m!<\/p>\n<p style=\"text-align: justify;\"><em><strong>Ademar Batista Pereira<\/strong> \u2013 empres\u00e1rio, educador e diretor da FENEP (Federa\u00e7\u00e3o Nacional das Escolas Particulares).<\/em><\/p>\n","protected":false},"excerpt":{"rendered":"<p>Tenho acompanhado as discuss\u00f5es sobre a renova\u00e7\u00e3o &#8211; ou n\u00e3o &#8211; dos contratos de ped\u00e1gio do Paran\u00e1, e confesso que fico estarrecido com a cara de pau de muitas opini\u00f5es. O ped\u00e1gio no Paran\u00e1 foi muito mal implementado por um governo que teve uma boa ideia, mas executou mal. Ou n\u00e3o teve esp\u00edrito p\u00fablico para [&hellip;]<\/p>\n","protected":false},"author":2,"featured_media":0,"comment_status":"open","ping_status":"open","sticky":false,"template":"","format":"standard","meta":{"footnotes":""},"categories":[2],"tags":[],"_links":{"self":[{"href":"https:\/\/esominhaopiniao.com.br\/index.php?rest_route=\/wp\/v2\/posts\/220"}],"collection":[{"href":"https:\/\/esominhaopiniao.com.br\/index.php?rest_route=\/wp\/v2\/posts"}],"about":[{"href":"https:\/\/esominhaopiniao.com.br\/index.php?rest_route=\/wp\/v2\/types\/post"}],"author":[{"embeddable":true,"href":"https:\/\/esominhaopiniao.com.br\/index.php?rest_route=\/wp\/v2\/users\/2"}],"replies":[{"embeddable":true,"href":"https:\/\/esominhaopiniao.com.br\/index.php?rest_route=%2Fwp%2Fv2%2Fcomments&post=220"}],"version-history":[{"count":0,"href":"https:\/\/esominhaopiniao.com.br\/index.php?rest_route=\/wp\/v2\/posts\/220\/revisions"}],"wp:attachment":[{"href":"https:\/\/esominhaopiniao.com.br\/index.php?rest_route=%2Fwp%2Fv2%2Fmedia&parent=220"}],"wp:term":[{"taxonomy":"category","embeddable":true,"href":"https:\/\/esominhaopiniao.com.br\/index.php?rest_route=%2Fwp%2Fv2%2Fcategories&post=220"},{"taxonomy":"post_tag","embeddable":true,"href":"https:\/\/esominhaopiniao.com.br\/index.php?rest_route=%2Fwp%2Fv2%2Ftags&post=220"}],"curies":[{"name":"wp","href":"https:\/\/api.w.org\/{rel}","templated":true}]}}