{"id":22,"date":"2010-07-22T10:00:12","date_gmt":"2010-07-22T10:00:12","guid":{"rendered":"http:\/\/esominhaopiniao.com.br\/wp_opiniao\/?p=22"},"modified":"2010-07-22T10:00:12","modified_gmt":"2010-07-22T10:00:12","slug":"a-perda-da-copa-e-o-amadorismo-no-brasil","status":"publish","type":"post","link":"https:\/\/esominhaopiniao.com.br\/?p=22","title":{"rendered":"A perda da Copa e o amadorismo no Brasil"},"content":{"rendered":"<p style=\"text-align: justify;\">A sele\u00e7\u00e3o brasileira perdeu para a Holanda mesmo com os melhores jogadores do mundo, mesmo sendo respeitada pela qualidade t\u00e9cnica individual dos nossos jogadores, apesar da torcida nacional, em que foi necess\u00e1rio montar um monte de estrat\u00e9gias para que todos os brasileiros pudessem assistir e torcer pela sele\u00e7\u00e3o canarinho.<img decoding=\"async\" title=\"Mais...\" alt=\"\" src=\"http:\/\/espacotorres.com.br\/wp_opiniao\/wp-includes\/js\/tinymce\/plugins\/wordpress\/img\/trans.gif\" \/><!--more--><\/p>\n<p style=\"text-align: justify;\">Na minha opini\u00e3o tratou-se de favas contadas. O Brasil vem perdendo de 10 a zero para os pa\u00edses desenvolvidos em diversos setores, inclusive no futebol. Apesar da tradi\u00e7\u00e3o e de ter a melhor sele\u00e7\u00e3o, somos amadores. A gest\u00e3o brasileira \u00e9 amadora, qualquer um pode ser t\u00e9cnico de futebol. Com todo o respeito que o Dunga merece, que experi\u00eancia como t\u00e9cnico ele tinha para assumir a responsabilidade t\u00e3o grande de treinar a nossa sele\u00e7\u00e3o para uma Copa do Mundo? Evidentemente, a culpa n\u00e3o \u00e9 s\u00f3 dele, pois foi convidado para um importante cargo e n\u00e3o teve coragem de declinar. Como a maioria dos brasileiros, talvez Dunga tenha acreditado que poderia, com o jeitinho brasileiro, vencer os profissionais.<\/p>\n<p style=\"text-align: justify;\">Vejamos na pol\u00edtica: quem elegemos? S\u00e3o raras as pessoas que ocupam cargos p\u00fablicos, eleitos ou n\u00e3o que tem grandes qualifica\u00e7\u00f5es. Na maioria das vezes, e especialmente os cargos eletivos, elegemos o mais famoso, o mais bonito, o que fala melhor, por\u00e9m a experi\u00eancia, o hist\u00f3rico, a qualifica\u00e7\u00e3o para a fun\u00e7\u00e3o n\u00e3o damos import\u00e2ncia. Se tirarmos o cargo da maioria dos nossos parlamentares, seja a n\u00edvel federal, estadual ou municipal, eles arrumariam trabalho na iniciativa privada para ganhar o que recebem de sal\u00e1rio? Sabemos que s\u00e3o raros os que tem qualifica\u00e7\u00e3o, experi\u00eancia ou condi\u00e7\u00f5es t\u00e9cnicas para arrumar um bom emprego na iniciativa privada. Pegue a maioria dos cargos de confian\u00e7a dos governos federais, estaduais e municipais e fa\u00e7a a mesma compara\u00e7\u00e3o. Sabemos tamb\u00e9m que na iniciativa privada n\u00e3o d\u00e1 pra ser amador! Para se manter \u00e9 preciso ter pegada, profissionalismo e conhecimento j\u00e1 que a concorr\u00eancia esmaga no primeiro ano qualquer empresa ou profissional sem experi\u00eancia.<\/p>\n<p style=\"text-align: justify;\">O que n\u00e3o vimos na sele\u00e7\u00e3o brasileira, n\u00e3o vemos no comando dos nossos munic\u00edpios, estados e pa\u00eds. O amadorismo da sele\u00e7\u00e3o brasileira em 2010 nos fez sair da Copa do Mundo enquanto o amadorismo na gest\u00e3o p\u00fablica atrapalha nosso crescimento, diminui a nossa competitividade e tamb\u00e9m nos traz a sensa\u00e7\u00e3o de perdedores \u2013 mesmo com tanta torcida, mesmo com tanta paix\u00e3o. Se n\u00e3o somos questionados na decis\u00e3o do t\u00e9cnico da sele\u00e7\u00e3o, temos em m\u00e3os a oportunidade de eleger os nossos profissionais para nos representar publicamente. Temos elei\u00e7\u00f5es nos pr\u00f3ximos meses e precisamos, ent\u00e3o, mostrar que queremos profissionalismo, transpar\u00eancia, \u00e9tica e respeito aos brasileiros.<\/p>\n<p style=\"text-align: right;\"><i><strong>Ademar Batista Pereira<\/strong>\u00a0\u2013 Presidente do Sinepe\/PR.<\/i><\/p>\n","protected":false},"excerpt":{"rendered":"<p>A sele\u00e7\u00e3o brasileira perdeu para a Holanda mesmo com os melhores jogadores do mundo, mesmo sendo respeitada pela qualidade t\u00e9cnica individual dos nossos jogadores, apesar da torcida nacional, em que foi necess\u00e1rio montar um monte de estrat\u00e9gias para que todos os brasileiros pudessem assistir e torcer pela sele\u00e7\u00e3o canarinho.<\/p>\n","protected":false},"author":2,"featured_media":0,"comment_status":"open","ping_status":"open","sticky":false,"template":"","format":"standard","meta":{"footnotes":""},"categories":[2],"tags":[],"_links":{"self":[{"href":"https:\/\/esominhaopiniao.com.br\/index.php?rest_route=\/wp\/v2\/posts\/22"}],"collection":[{"href":"https:\/\/esominhaopiniao.com.br\/index.php?rest_route=\/wp\/v2\/posts"}],"about":[{"href":"https:\/\/esominhaopiniao.com.br\/index.php?rest_route=\/wp\/v2\/types\/post"}],"author":[{"embeddable":true,"href":"https:\/\/esominhaopiniao.com.br\/index.php?rest_route=\/wp\/v2\/users\/2"}],"replies":[{"embeddable":true,"href":"https:\/\/esominhaopiniao.com.br\/index.php?rest_route=%2Fwp%2Fv2%2Fcomments&post=22"}],"version-history":[{"count":0,"href":"https:\/\/esominhaopiniao.com.br\/index.php?rest_route=\/wp\/v2\/posts\/22\/revisions"}],"wp:attachment":[{"href":"https:\/\/esominhaopiniao.com.br\/index.php?rest_route=%2Fwp%2Fv2%2Fmedia&parent=22"}],"wp:term":[{"taxonomy":"category","embeddable":true,"href":"https:\/\/esominhaopiniao.com.br\/index.php?rest_route=%2Fwp%2Fv2%2Fcategories&post=22"},{"taxonomy":"post_tag","embeddable":true,"href":"https:\/\/esominhaopiniao.com.br\/index.php?rest_route=%2Fwp%2Fv2%2Ftags&post=22"}],"curies":[{"name":"wp","href":"https:\/\/api.w.org\/{rel}","templated":true}]}}