{"id":217,"date":"2015-08-07T21:24:12","date_gmt":"2015-08-07T21:24:12","guid":{"rendered":"http:\/\/esominhaopiniao.com.br\/?p=217"},"modified":"2015-08-07T21:24:12","modified_gmt":"2015-08-07T21:24:12","slug":"metade-mim-quer-voltar-a-outra-nao","status":"publish","type":"post","link":"https:\/\/esominhaopiniao.com.br\/?p=217","title":{"rendered":"Metade mim quer voltar, a outra n\u00e3o!"},"content":{"rendered":"<p style=\"text-align: justify;\">Depois de quase dois meses vivendo na Alemanha \u2013 experi\u00eancia que repito pelo segundo ano consecutivo &#8211; \u00e9 chegada a hora de retornar ao nosso lindo e desorganizado Brasil. Pensando nos pr\u00f3s e contras, resolvi escrever algumas palavras parafraseando a m\u00fasica do &#8220;Oswaldo Montenegro&#8221;, pois \u00e9 realmente esse o sentimento.<!--more--><\/p>\n<p style=\"text-align: justify;\">Ao andar pela Alemanha, a p\u00e9 ou de carro, podemos observar todos os rios e c\u00f3rregos de \u00e1gua pot\u00e1vel, muitas \u00e1rvores e nenhum lixo nas ruas e estradas. Para um pa\u00eds pequeno e densamente povoado \u00e9 a demonstra\u00e7\u00e3o que a ocupa\u00e7\u00e3o urbana n\u00e3o \u00e9 sin\u00f4nimo de polui\u00e7\u00e3o e sujeira.<\/p>\n<p style=\"text-align: justify;\">Ao voltar para o Brasil, onde o len\u00e7ol fre\u00e1tico est\u00e1 polu\u00eddo e temos muito lixo pelas ruas e bosques, mesmo numa cidade como Curitiba, pensar neste cen\u00e1rio \u00e9 desanimador. Voltar porque metade de mim \u00e9 vontade de continuar contribuindo para um pa\u00eds mais sustent\u00e1vel, a outra metade \u00e9 cansa\u00e7o.<\/p>\n<p style=\"text-align: justify;\">Nessas semanas na Alemanha pude viver com pessoas que respeitam o tr\u00e2nsito, onde o pedestre e o ciclista s\u00e3o respeitados, onde todos levam suas garrafas, latas e embalagens pets no supermercado, onde todos separam o lixo, e as cidades d\u00e3o o destino correto.<\/p>\n<p style=\"text-align: justify;\">Voltando ao Brasil: temos Curitiba que \u00e9 considerada unanimidade limpa e organizada, por\u00e9m a cidade separa apenas 20% dos res\u00edduos s\u00f3lidos, e para transportar se utiliza de m\u00e3o de obra de &#8220;catadores&#8221;, quase um trabalho escravo. Al\u00e9m disso, ao andar pelas ruas podemos encontrar embalagens de pet e alum\u00ednio nas ruas, c\u00f3rregos e valetas. Por que voltar? Porque metade de mim acredita de podemos evoluir, j\u00e1 a outra metade perdeu a esperan\u00e7a.<\/p>\n<p style=\"text-align: justify;\">Voltar a esse Brasil mergulhado na corrup\u00e7\u00e3o, na m\u00e1 qualidade ou completa incompet\u00eancia na gest\u00e3o p\u00fablica, onde ser pol\u00edtico \u00e9 sin\u00f4nimo de picaretagem e safadeza. Por que? Porque metade de mim \u00e9 vontade de lutar, a outra \u00e9 sossego e paz.<\/p>\n<p style=\"text-align: justify;\">Voltar para as pessoas que me esperam, que gostam de mim, me respeitam e muitas vezes precisam de mim, da minha garra, minha experi\u00eancia e vivencia, pessoas que conquistei e me sinto respons\u00e1vel. Porque metade de mim \u00e9 amor aos que conquistei, a outra metade \u00e9 indiferen\u00e7a.<\/p>\n<p style=\"text-align: justify;\">Voltar a um pa\u00eds que tem as maiores oportunidades, tem tudo para ser feito, mas a burocracia e a falta de vis\u00e3o de futuro dos agentes p\u00fablicos torna a vida do empreendedor um verdadeiro inferno, onde esse indiv\u00edduo n\u00e3o tem direitos, e \u00e9 tratado pelo poder p\u00fablico e seus agentes como bandido. Voltar porque metade de mim \u00e9 garra, a outra metade diz que j\u00e1 fiz a minha parte.<\/p>\n<p style=\"text-align: justify;\">Voltar a um Brasil com um povo honesto, trabalhador e dedicado, por\u00e9m servido por lideran\u00e7as corruptas, interesseiras e individualistas, um pa\u00eds onde a malandragem virou sin\u00f4nimo de roubalheira. Voltar porque metade de mim \u00e9 expectativa, a outra \u00e9 desesperan\u00e7a.<\/p>\n<p style=\"text-align: justify;\">Depois de trabalhar por 40 anos, uma vida profissional de sucesso e respeitada, trabalho dedicado a deixar um pa\u00eds melhor para meus filhos e netos, percebo que eles ter\u00e3o que continuar a luta, pois vejo que n\u00e3o obtive sucesso na empreitada de deixar um pa\u00eds melhor. Voltar porque metade de mim \u00e9 cren\u00e7a, a outra metade \u00e9 descren\u00e7a.<\/p>\n<p style=\"text-align: justify;\">Sair de um pa\u00eds onde n\u00e3o existem muros, condom\u00ednios fechados, onde \u00e9 poss\u00edvel andar pelas ruas a qualquer hora sem ser assaltado, e chegar no nosso Brasil, que precisamos andar de carro blindado, que temos in\u00fameros desocupados, viciados dormindo pelas marquises, onde temos outros tantos &#8220;cuidadores de carros&#8221; que apenas querem uns trocados para a pr\u00f3xima pedra de &#8220;crack&#8221;. Voltar por que metade de mim \u00e9 medo, a outra metade \u00e9 pavor.<\/p>\n<p style=\"text-align: justify;\">Mas volto, pois na minha vida preciso de uma guerra para lutar, n\u00e3o tenho voca\u00e7\u00e3o para &#8220;pendurar as chuteiras&#8221;. Acredito que a vida s\u00f3 tem sentido pela luta di\u00e1ria por um pa\u00eds melhor, se n\u00e3o podemos ou n\u00e3o temos a oportunidade para grandes contribui\u00e7\u00f5es, podemos e continuaremos contribuindo no nosso pequeno mundo, nos nossos neg\u00f3cios, com as pessoas que conquistamos e me conquistaram, para juntos melhorar a vida e as condi\u00e7\u00f5es ao nosso entorno. Voltar por que metade de mim \u00e9 luta, a outra metade e esperan\u00e7a.<\/p>\n<p style=\"text-align: right;\"><em><strong>Ademar Batista Pereira<\/strong> \u00e9 empres\u00e1rio, educador, diretor da Fenep (Federa\u00e7\u00e3o Nacional das Escolas Particulares) e autor de dois livros Filhos na Escola Integral e P\u00e9rolas Infantis (Editora Inventa).<\/em><\/p>\n","protected":false},"excerpt":{"rendered":"<p>Depois de quase dois meses vivendo na Alemanha \u2013 experi\u00eancia que repito pelo segundo ano consecutivo &#8211; \u00e9 chegada a hora de retornar ao nosso lindo e desorganizado Brasil. Pensando nos pr\u00f3s e contras, resolvi escrever algumas palavras parafraseando a m\u00fasica do &#8220;Oswaldo Montenegro&#8221;, pois \u00e9 realmente esse o sentimento.<\/p>\n","protected":false},"author":2,"featured_media":0,"comment_status":"open","ping_status":"open","sticky":false,"template":"","format":"standard","meta":{"footnotes":""},"categories":[2],"tags":[],"_links":{"self":[{"href":"https:\/\/esominhaopiniao.com.br\/index.php?rest_route=\/wp\/v2\/posts\/217"}],"collection":[{"href":"https:\/\/esominhaopiniao.com.br\/index.php?rest_route=\/wp\/v2\/posts"}],"about":[{"href":"https:\/\/esominhaopiniao.com.br\/index.php?rest_route=\/wp\/v2\/types\/post"}],"author":[{"embeddable":true,"href":"https:\/\/esominhaopiniao.com.br\/index.php?rest_route=\/wp\/v2\/users\/2"}],"replies":[{"embeddable":true,"href":"https:\/\/esominhaopiniao.com.br\/index.php?rest_route=%2Fwp%2Fv2%2Fcomments&post=217"}],"version-history":[{"count":0,"href":"https:\/\/esominhaopiniao.com.br\/index.php?rest_route=\/wp\/v2\/posts\/217\/revisions"}],"wp:attachment":[{"href":"https:\/\/esominhaopiniao.com.br\/index.php?rest_route=%2Fwp%2Fv2%2Fmedia&parent=217"}],"wp:term":[{"taxonomy":"category","embeddable":true,"href":"https:\/\/esominhaopiniao.com.br\/index.php?rest_route=%2Fwp%2Fv2%2Fcategories&post=217"},{"taxonomy":"post_tag","embeddable":true,"href":"https:\/\/esominhaopiniao.com.br\/index.php?rest_route=%2Fwp%2Fv2%2Ftags&post=217"}],"curies":[{"name":"wp","href":"https:\/\/api.w.org\/{rel}","templated":true}]}}