{"id":210,"date":"2015-06-26T20:07:30","date_gmt":"2015-06-26T20:07:30","guid":{"rendered":"http:\/\/esominhaopiniao.com.br\/?p=210"},"modified":"2015-06-26T20:07:30","modified_gmt":"2015-06-26T20:07:30","slug":"lula-o-lider","status":"publish","type":"post","link":"https:\/\/esominhaopiniao.com.br\/?p=210","title":{"rendered":"Lula, o l\u00edder!"},"content":{"rendered":"<p style=\"text-align: justify;\">Toda vez que brindo pe\u00e7o sa\u00fade ao Lula e a Dilma. As pessoas ao meu redor sempre se negam a brindar ou reagem dizendo: \u201cvoc\u00ea est\u00e1 de brincadeira!\u201d. No imagin\u00e1rio popular vale aquela maxima: aos maus a morte e aos bons a vida eterna. Por\u00e9m, na minha vis\u00e3o, todos devemos viver bastante, especialmente, os l\u00edderes para que sejam julgados pela hist\u00f3ria, pois caso morram cedo podem tornar-se mitos, mesmo n\u00e3o tendo contribu\u00eddo para a melhoria do pa\u00eds.<!--more--><\/p>\n<p style=\"text-align: justify;\">Como educador sei que temos l\u00edderes positivos e negativos. Os positivos s\u00e3o aqueles que aproveitam as oportunidades para avan\u00e7ar, pensam no coletivo, respeitam as pessoas e por essas caracter\u00edsticas sempre s\u00e3o agentes de grandes mudan\u00e7as. Quando assumem fun\u00e7\u00f5es importantes como a reg\u00eancia de um pa\u00eds, tem esp\u00edrito p\u00fablico, pensam na hist\u00f3ria e levam em considera\u00e7\u00e3o esse julgamento, pois a hist\u00f3ria ser\u00e1 impiedosa.<\/p>\n<p style=\"text-align: justify;\">Por outro lado temos os l\u00edderes negativos, que com as mesmas habilidades, s\u00e3o egoc\u00eantricos, perniciosos e, em geral, lideram uma quadrilha. S\u00e3o l\u00edderes para os quais os fins justificam os meios. Nessa categoria est\u00e1 \u2018nosso l\u00edder\u2019 Luiz In\u00e1cio Lula da Silva, um sujeito que perdeu a dupla oportunidade de se tornar um mito.<\/p>\n<p style=\"text-align: justify;\">A primeira seria perceber que seria julgado pela hist\u00f3ria e enfrentar sua natureza, pois com sua grande intelig\u00eancia em muitos momentos teve esse <em>insight<\/em>. Mas nosso l\u00edder n\u00e3o aproveitou, deixou se levar pela gan\u00e2ncia, certeza de impunidade e cr\u00e9dito na sua capacidade de mentir e enganar que o fez chegar at\u00e9 ali.<\/p>\n<p style=\"text-align: justify;\">A outra seria ter percebido seus erros e se deixar ter sido vencido pelo c\u00e2ncer de garganta. Assim entraria para o imagin\u00e1rio popular e n\u00e3o pagaria o pre\u00e7o do julgamento de seus atos. Essa alternativa seria impens\u00e1vel para um indiv\u00edduo com as caracter\u00edsticas de um grande l\u00edder negativo, pois ele n\u00e3o percebe que ser\u00e1 julgado pela hist\u00f3ria, seu ego\u00edsmo n\u00e3o deixa.<\/p>\n<p style=\"text-align: justify;\">Nosso l\u00edder perdeu a oportunidade de ser julgado como um grande estadista. Mesmo eu &#8211; que nunca votei nele &#8211; torci para que lutasse contra a sua natureza e como um estadista fizesse as mudan\u00e7as que precis\u00e1vamos, como a reforma pol\u00edtica, fiscal e trabalhista. Com essas reformas, hoje ter\u00edamos um pa\u00eds melhor, mais justo e democr\u00e1tico. Independentemente de ser julgado, condenado e at\u00e9 preso para pagar seus crimes, vivendo bastante ter\u00e1 que enfrentar a hist\u00f3ria.<\/p>\n<p style=\"text-align: justify;\">Pior que a roubalheira do nosso ali-bab\u00e1\u00a0e seus 40 mil ladr\u00f5es foi a incompet\u00eancia da gest\u00e3o da maior carga tribut\u00e1ria do mundo, incompet\u00eancia na gest\u00e3o das empresas p\u00fablicas brasileiras, como a Petrobras que em apenas 10 anos saiu de uma empresa moderna, competitividade e din\u00e2mica para uma sucata velha, aparelhada com uma d\u00edvida maior que sua capacidade.<\/p>\n<p style=\"text-align: justify;\">Apesar de muito grande essas perdas, podemos trabalhar e pagar. Mas, pior que isso foi perdermos a moral, o m\u00e9rito. Paramos de acreditar que a luta compensa e o crime n\u00e3o, relativizaram a corrup\u00e7\u00e3o, a viol\u00eancia, criaram e cultivaram a s\u00edndrome do coitadinho, onde o vagabundo, o folgado, o ladr\u00e3o, o drogado, o que n\u00e3o se esfor\u00e7a tem mais direito do que aquele que trabalha e mantem suas contas em dia.<\/p>\n<p style=\"text-align: justify;\">Mas por que brindo tamb\u00e9m para a presidente Dilma? Se ela n\u00e3o \u00e9 l\u00edder \u00e9 o poste escolhido para manter o poder dessa quadrilha, pois ela tamb\u00e9m teve a oportunidade de perceber e lutar contra sua natureza de poste, mas ela n\u00e3o percebeu que poste \u00e9 teimoso, voc\u00ea buzina e mesmo assim ele n\u00e3o sai da frente. Por isso ser\u00e1 julgada pela hist\u00f3ria como um bom poste. Por essas e por outras, um brinde pela sa\u00fade do Lula e da Dilma.<\/p>\n<p style=\"text-align: right;\"><em><strong>Ademar Batista Pereira<\/strong> \u2013 educador, membro da comitiva estadual do Partido Verde (PV-PR) e articulista do blog esominhaopiniao.com.br.<\/em><\/p>\n","protected":false},"excerpt":{"rendered":"<p>Toda vez que brindo pe\u00e7o sa\u00fade ao Lula e a Dilma. As pessoas ao meu redor sempre se negam a brindar ou reagem dizendo: \u201cvoc\u00ea est\u00e1 de brincadeira!\u201d. No imagin\u00e1rio popular vale aquela maxima: aos maus a morte e aos bons a vida eterna. Por\u00e9m, na minha vis\u00e3o, todos devemos viver bastante, especialmente, os l\u00edderes [&hellip;]<\/p>\n","protected":false},"author":2,"featured_media":0,"comment_status":"open","ping_status":"open","sticky":false,"template":"","format":"standard","meta":{"footnotes":""},"categories":[2],"tags":[],"_links":{"self":[{"href":"https:\/\/esominhaopiniao.com.br\/index.php?rest_route=\/wp\/v2\/posts\/210"}],"collection":[{"href":"https:\/\/esominhaopiniao.com.br\/index.php?rest_route=\/wp\/v2\/posts"}],"about":[{"href":"https:\/\/esominhaopiniao.com.br\/index.php?rest_route=\/wp\/v2\/types\/post"}],"author":[{"embeddable":true,"href":"https:\/\/esominhaopiniao.com.br\/index.php?rest_route=\/wp\/v2\/users\/2"}],"replies":[{"embeddable":true,"href":"https:\/\/esominhaopiniao.com.br\/index.php?rest_route=%2Fwp%2Fv2%2Fcomments&post=210"}],"version-history":[{"count":0,"href":"https:\/\/esominhaopiniao.com.br\/index.php?rest_route=\/wp\/v2\/posts\/210\/revisions"}],"wp:attachment":[{"href":"https:\/\/esominhaopiniao.com.br\/index.php?rest_route=%2Fwp%2Fv2%2Fmedia&parent=210"}],"wp:term":[{"taxonomy":"category","embeddable":true,"href":"https:\/\/esominhaopiniao.com.br\/index.php?rest_route=%2Fwp%2Fv2%2Fcategories&post=210"},{"taxonomy":"post_tag","embeddable":true,"href":"https:\/\/esominhaopiniao.com.br\/index.php?rest_route=%2Fwp%2Fv2%2Ftags&post=210"}],"curies":[{"name":"wp","href":"https:\/\/api.w.org\/{rel}","templated":true}]}}