{"id":20,"date":"2010-06-24T10:00:52","date_gmt":"2010-06-24T10:00:52","guid":{"rendered":"http:\/\/esominhaopiniao.com.br\/wp_opiniao\/?p=20"},"modified":"2010-06-24T10:00:52","modified_gmt":"2010-06-24T10:00:52","slug":"nao-da-nada","status":"publish","type":"post","link":"https:\/\/esominhaopiniao.com.br\/?p=20","title":{"rendered":"N\u00e3o D\u00e1 Nada"},"content":{"rendered":"<p style=\"text-align: justify;\">Em um domingo desses, estava na ch\u00e1cara em torno de 10 horas da manh\u00e3 v\u00e1rios de jovens em carros e motos adentraram pelos port\u00f5es em alta velocidade. Assustados com a bagun\u00e7a, logo fechamos o port\u00e3o, mas uma dezena acabou entrando e, depois de muita discuss\u00e3o e amea\u00e7as, soubemos que se tratava da ca\u00e7a a um bal\u00e3o.<img decoding=\"async\" title=\"Mais...\" alt=\"\" src=\"http:\/\/espacotorres.com.br\/wp_opiniao\/wp-includes\/js\/tinymce\/plugins\/wordpress\/img\/trans.gif\" \/><!--more--><\/p>\n<p style=\"text-align: justify;\">Chamamos a pol\u00edcia, que demorou uns 20 minutos para chegar e, nesse meio tempo, o bal\u00e3o caiu \u2013 n\u00e3o em nossa ch\u00e1cara, mas em outra. Quando a pol\u00edcia chegou, ainda havia alguns carros e motos. Os policiais revistaram um dos ve\u00edculos e n\u00f3s avisamos que se tratava de jovens que invadiram e at\u00e9 depredaram nossa propriedade. Estranhei que, depois dos policiais iniciarem uma conversa, os jovens mostraram o bal\u00e3o, entraram no carro e foram embora festejando \u201cn\u00e3o deu nada, n\u00e3o deu nada\u201d.<\/p>\n<p style=\"text-align: justify;\">Os policiais, ent\u00e3o, entraram no carro e vieram em nossa dire\u00e7\u00e3o, procurando saber quem tinha chamado. N\u00f3s agradecemos a aten\u00e7\u00e3o e eles nos disseram: \u201cN\u00e3o adianta, com essa piazada s\u00f3 podemos levar se forem pegos com o bal\u00e3o\u201d &#8211; e se foram.<\/p>\n<p style=\"text-align: justify;\">Essa pequena hist\u00f3ria demonstra como a autoridade p\u00fablica trata os pequenos delitos. Nem precisamos falar que soltar bal\u00e3o \u00e9 crime, invadir propriedade privada sem autoriza\u00e7\u00e3o \u00e9 crime, depredar propriedade \u00e9 crime.<\/p>\n<p style=\"text-align: justify;\">Se os pequenos delitos fossem levados a s\u00e9rio, os policiais poderiam ter levado os jovens para a delegacia, apreendido o carro, multado os jovens por participar da soltura de bal\u00f5es, e ainda fazer com que os pais deles fossem \u00e0 delegacia num domingo pela manh\u00e3 para que fossem soltos &#8211; \u00e9 claro que depois de uma boa reprimenda nos jovens e nos seus pais.<\/p>\n<p style=\"text-align: justify;\">Com essa atitude, a autoridade policial desencorajaria esses jovens ao delito, pois envolveria suas fam\u00edlias, ficariam o dia todo enrolados e, certamente, n\u00e3o poderiam comemorar com seus amigos mais uma emo\u00e7\u00e3o. Convenhamos, \u00e9 muita emo\u00e7\u00e3o para um domingo de manh\u00e3: andar em alta velocidade com os amigos, discutir e at\u00e9 agredir pessoas desavisadas que tentem imped\u00ed-los de pegar ou correr atr\u00e1s do bal\u00e3o, ser abordado por dois policiais de arma em punho, ter o carro revistado e, depois, poder comemorar mais uma aventura. \u00c9 mesmo muita emo\u00e7\u00e3o. Confesso que at\u00e9 fiquei com vontade de ocupar melhor minhas manh\u00e3s de domingo, afinal, como j\u00e1 sabemos e n\u00e3o nos cansamos de ouvir, no Brasil \u201cn\u00e3o d\u00e1 nada mesmo\u201d.<\/p>\n<p style=\"text-align: right;\"><b><i>Ademar Batista Pereira \u2013<\/i><\/b><i>\u00a0Presidente do Sinepe\/PR<\/i><\/p>\n","protected":false},"excerpt":{"rendered":"<p>Em um domingo desses, estava na ch\u00e1cara em torno de 10 horas da manh\u00e3 v\u00e1rios de jovens em carros e motos adentraram pelos port\u00f5es em alta velocidade. Assustados com a bagun\u00e7a, logo fechamos o port\u00e3o, mas uma dezena acabou entrando e, depois de muita discuss\u00e3o e amea\u00e7as, soubemos que se tratava da ca\u00e7a a um [&hellip;]<\/p>\n","protected":false},"author":2,"featured_media":0,"comment_status":"open","ping_status":"open","sticky":false,"template":"","format":"standard","meta":{"footnotes":""},"categories":[2],"tags":[],"_links":{"self":[{"href":"https:\/\/esominhaopiniao.com.br\/index.php?rest_route=\/wp\/v2\/posts\/20"}],"collection":[{"href":"https:\/\/esominhaopiniao.com.br\/index.php?rest_route=\/wp\/v2\/posts"}],"about":[{"href":"https:\/\/esominhaopiniao.com.br\/index.php?rest_route=\/wp\/v2\/types\/post"}],"author":[{"embeddable":true,"href":"https:\/\/esominhaopiniao.com.br\/index.php?rest_route=\/wp\/v2\/users\/2"}],"replies":[{"embeddable":true,"href":"https:\/\/esominhaopiniao.com.br\/index.php?rest_route=%2Fwp%2Fv2%2Fcomments&post=20"}],"version-history":[{"count":0,"href":"https:\/\/esominhaopiniao.com.br\/index.php?rest_route=\/wp\/v2\/posts\/20\/revisions"}],"wp:attachment":[{"href":"https:\/\/esominhaopiniao.com.br\/index.php?rest_route=%2Fwp%2Fv2%2Fmedia&parent=20"}],"wp:term":[{"taxonomy":"category","embeddable":true,"href":"https:\/\/esominhaopiniao.com.br\/index.php?rest_route=%2Fwp%2Fv2%2Fcategories&post=20"},{"taxonomy":"post_tag","embeddable":true,"href":"https:\/\/esominhaopiniao.com.br\/index.php?rest_route=%2Fwp%2Fv2%2Ftags&post=20"}],"curies":[{"name":"wp","href":"https:\/\/api.w.org\/{rel}","templated":true}]}}