{"id":198,"date":"2015-03-13T21:15:06","date_gmt":"2015-03-13T21:15:06","guid":{"rendered":"http:\/\/esominhaopiniao.com.br\/?p=198"},"modified":"2015-03-13T21:15:06","modified_gmt":"2015-03-13T21:15:06","slug":"perderam-a-nocao-do-ridiculo","status":"publish","type":"post","link":"https:\/\/esominhaopiniao.com.br\/?p=198","title":{"rendered":"Perderam a no\u00e7\u00e3o do rid\u00edculo!"},"content":{"rendered":"<p style=\"text-align: justify;\">Povo X governo. A sociedade brasileira esteve sempre dividida entre os que det\u00eam o poder (imperador, ditador, presidente) e o restante da popula\u00e7\u00e3o. Por isso, os cidad\u00e3os parecem n\u00e3o se importar com o que acontece no governo, comandado por nossos pol\u00edticos. Resultado: percebemos que as pessoas acreditam que, ao pagar corretamente os impostos e escolher seus governantes, a sua parte j\u00e1 est\u00e1 feita.<!--more--><\/p>\n<p style=\"text-align: justify;\">Como a maioria ganha pouco ou trabalha informalmente, muitos brasileiros acabam ficando de fora da faixa dos que s\u00e3o obrigados a pagar o imposto de renda e n\u00e3o percebem que pagam 40% de tributos sobre tudo o que consomem. Mais recentemente, por\u00e9m, o sentimento de revolta e indigna\u00e7\u00e3o tomou conta dos cidad\u00e3os, j\u00e1 que nossos pol\u00edticos est\u00e3o perdendo a no\u00e7\u00e3o do rid\u00edculo. De um lado, os governos aumentam os impostos alegando a falta de verba para manter a m\u00e1quina. De outro, percebemos uma s\u00e9rie de absurdos, como o aumento de sal\u00e1rios, cargos e mordomias para os pol\u00edticos.<\/p>\n<p style=\"text-align: justify;\">Um exemplo \u00e9 o Congresso Nacional, que discute o aumento da contribui\u00e7\u00e3o dos brasileiros enquanto cria benef\u00edcios como a verba para a passagem de c\u00f4njuges de deputados(as) que viajam para Bras\u00edlia. Ju\u00edzes debatendo o aux\u00edlio-moradia &#8211; e pleiteando por receber retroativo &#8211; e professores \u00a0acampando em frente ao Pal\u00e1cio e ao Tribunal de Contas exigindo melhoras para a educa\u00e7\u00e3o. Nossos deputados, que j\u00e1 t\u00eam seus sal\u00e1rios aumentados em mais de 30%, perderam completamente a no\u00e7\u00e3o.<\/p>\n<p style=\"text-align: justify;\">Decididamente, estamos melhorado como sociedade. J\u00e1 percebemos mobiliza\u00e7\u00f5es, pessoas interessadas em sair \u00e0s ruas para exigir respeito com nosso dinheiro, ju\u00edzes antes &#8220;intoc\u00e1veis&#8221; sendo punidos por utilizar um ve\u00edculo apreendido com a maior cara de pau, magistrados levando corruptos e ladr\u00f5es para julgamento. Agora sim caminhando para um futuro promissor, mas na velocidade brasileira, que \u00e9 diretamente proporcional \u00e0 capacidade de indigna\u00e7\u00e3o das pessoas &#8211; e o brasileiro \u00e9 um povo ordeiro, que n\u00e3o quer viol\u00eancia nem quebra-quebra. Em qualquer outro pa\u00eds, por muito menos as pessoas saem \u00e0s ruas e quebram tudo. Aqui, ainda discute-se reivindica\u00e7\u00e3o X depreda\u00e7\u00e3o (mas qual a diferen\u00e7a de roubar dinheiro da merenda escolar ou de medicamentos, enquanto \u00a0pessoas passam fome ou morrerem, e quebrar &#8220;pal\u00e1cios&#8221; que servem apenas para ostentar um poder e abrigar o ego de pol\u00edticos sem escr\u00fapulos?).<\/p>\n<p style=\"text-align: justify;\">Realmente, os governantes perderam a no\u00e7\u00e3o do rid\u00edculo. E n\u00e3o podemos nos deixar enganar, pois eles n\u00e3o far\u00e3o as mudan\u00e7as necess\u00e1rias sem press\u00e3o e mobiliza\u00e7\u00e3o social. Precisamos de uma reforma pol\u00edtica urgente e, para isso, ser\u00e1 necess\u00e1rio muita press\u00e3o do povo.<\/p>\n<p style=\"text-align: right;\"><em><strong>Ademar Batista Pereira<\/strong> \u00e9 educador, diretor da Escola Atua\u00e7\u00e3o e articulista do site www.esominhaopiniao.com.br<\/em><\/p>\n","protected":false},"excerpt":{"rendered":"<p>Povo X governo. A sociedade brasileira esteve sempre dividida entre os que det\u00eam o poder (imperador, ditador, presidente) e o restante da popula\u00e7\u00e3o. Por isso, os cidad\u00e3os parecem n\u00e3o se importar com o que acontece no governo, comandado por nossos pol\u00edticos. Resultado: percebemos que as pessoas acreditam que, ao pagar corretamente os impostos e escolher [&hellip;]<\/p>\n","protected":false},"author":2,"featured_media":0,"comment_status":"open","ping_status":"open","sticky":false,"template":"","format":"standard","meta":{"footnotes":""},"categories":[2],"tags":[],"_links":{"self":[{"href":"https:\/\/esominhaopiniao.com.br\/index.php?rest_route=\/wp\/v2\/posts\/198"}],"collection":[{"href":"https:\/\/esominhaopiniao.com.br\/index.php?rest_route=\/wp\/v2\/posts"}],"about":[{"href":"https:\/\/esominhaopiniao.com.br\/index.php?rest_route=\/wp\/v2\/types\/post"}],"author":[{"embeddable":true,"href":"https:\/\/esominhaopiniao.com.br\/index.php?rest_route=\/wp\/v2\/users\/2"}],"replies":[{"embeddable":true,"href":"https:\/\/esominhaopiniao.com.br\/index.php?rest_route=%2Fwp%2Fv2%2Fcomments&post=198"}],"version-history":[{"count":0,"href":"https:\/\/esominhaopiniao.com.br\/index.php?rest_route=\/wp\/v2\/posts\/198\/revisions"}],"wp:attachment":[{"href":"https:\/\/esominhaopiniao.com.br\/index.php?rest_route=%2Fwp%2Fv2%2Fmedia&parent=198"}],"wp:term":[{"taxonomy":"category","embeddable":true,"href":"https:\/\/esominhaopiniao.com.br\/index.php?rest_route=%2Fwp%2Fv2%2Fcategories&post=198"},{"taxonomy":"post_tag","embeddable":true,"href":"https:\/\/esominhaopiniao.com.br\/index.php?rest_route=%2Fwp%2Fv2%2Ftags&post=198"}],"curies":[{"name":"wp","href":"https:\/\/api.w.org\/{rel}","templated":true}]}}