{"id":193,"date":"2015-02-21T02:55:24","date_gmt":"2015-02-21T02:55:24","guid":{"rendered":"http:\/\/esominhaopiniao.com.br\/?p=193"},"modified":"2015-02-21T02:55:24","modified_gmt":"2015-02-21T02:55:24","slug":"a-diferenca-esta-na-gestao-sera","status":"publish","type":"post","link":"https:\/\/esominhaopiniao.com.br\/?p=193","title":{"rendered":"A diferen\u00e7a est\u00e1 na gest\u00e3o. Ser\u00e1?"},"content":{"rendered":"<p style=\"text-align: justify;\">Acompanhamos, diariamente, as escolas brasileiras sendo recha\u00e7adas pela opini\u00e3o p\u00fablica por conta de problemas que acontecem em fun\u00e7\u00e3o de uma m\u00e1 gest\u00e3o ou da falta dela. Por isso, \u00e9 preciso esclarecer algumas quest\u00f5es.<\/p>\n<p style=\"text-align: justify;\">Escrevo aqui como gestora de uma escola particular e busco fazer um paralelo com a situa\u00e7\u00e3o da escola p\u00fablica que nos vem sendo transmitida pela m\u00eddia. Antes de falarmos dos problemas, \u00e9 preciso levar em conta uma informa\u00e7\u00e3o muito importante: o custo de um aluno da rede particular \u00e9 praticamente igual ao custo de um aluno da rede p\u00fablica. Ent\u00e3o, para termos uma m\u00e9dia de valores, basta calcular o valor que um estado ou cidade gasta com educa\u00e7\u00e3o versus o n\u00famero de alunos que a mesma tem.<!--more--><\/p>\n<p style=\"text-align: justify;\">Desde o in\u00edcio do ano, as escolas da rede p\u00fablica v\u00eam enfrentando problemas e j\u00e1 davam ind\u00edcios de que n\u00e3o estariam em ordem para o pleno funcionamento na volta \u00e0s aulas. Enquanto isso, escolas particulares estavam com tudo organizado e impecavelmente planejado para receber seus alunos. Ser\u00e1 ent\u00e3o que devemos pensar na gest\u00e3o financeira como sendo o grande X da quest\u00e3o? Ou a culpa pode estar tamb\u00e9m na gest\u00e3o de pessoas ou na gest\u00e3o de processos e projetos?<\/p>\n<p style=\"text-align: justify;\">Precisamos agir contra a quest\u00e3o da desorganiza\u00e7\u00e3o infernal existente nos departamentos p\u00fablicos, a come\u00e7ar pelo setor educacional. N\u00e3o \u00e9 poss\u00edvel que o tanto de impostos que pagamos n\u00e3o reflita em nenhum resultado. Uma poss\u00edvel sa\u00edda seria destituir a estabilidade. Assim, se o problema estiver nas pessoas, a perman\u00eancia no cargo dependeria de dedica\u00e7\u00e3o, esfor\u00e7o, trabalho e resultados. \u00c9 claro que n\u00e3o podemos generalizar, mas a estabilidade gera profissionais pregui\u00e7osos, desestimulados e que podem estar ocupando o lugar de quem realmente gostaria\/poderia fazer a diferen\u00e7a dentro das escolas.<\/p>\n<p style=\"text-align: justify;\">Passando para a quest\u00e3o estrutural&#8230;como explicar a falta de banheiros em condi\u00e7\u00f5es de uso em muitas escolas p\u00fablicas? Se os pr\u00f3prios alunos estragam ou danificam, quer dizer que falta educa\u00e7\u00e3o dentro de casa, falta disciplina r\u00edgida dentro da escola &#8211; o que \u00e9 compreens\u00edvel, j\u00e1 que, com as novas leis, as institui\u00e7\u00f5es ficam de m\u00e3os atadas. Como tudo \u00e9 pass\u00edvel de processo, professores, diretores e auxiliares se negam a educar por conta do medo de repres\u00e1lias.<\/p>\n<p style=\"text-align: justify;\">\u00c9 not\u00f3rio que tudo est\u00e1 errado, e afirmo que precisamos mover uma grande guerra contra a situa\u00e7\u00e3o, que \u00e9 revoltante. Com todas essas barbaridades que vemos na m\u00eddia, todos concluem que o problemas \u00e9 o professor, mas n\u00e3o \u00e9! O maior problema reside na falta da educa\u00e7\u00e3o que deveria ser transmitida pelas fam\u00edlias e em nossa maneira de gerir e de resolver quest\u00f5es.<\/p>\n<p style=\"text-align: justify;\">A culpa que recai na forma\u00e7\u00e3o do professor \u00e9 um ledo engano, basta examinar a forma\u00e7\u00e3o de outros profissionais. Hoje, se temos que fazer uma cirurgia, temos medo de ouvir a opini\u00e3o de um s\u00f3 m\u00e9dico e vamos em busca de mais informa\u00e7\u00f5es e outros pareceres &#8211; afinal, vai que ele quer apenas ganhar dinheiro conosco. Se precisamos construir uma casa, pedimos or\u00e7amento a dois ou mais engenheiros, como receio de sermos enganados. Estamos vivenciando um processo de deteriora\u00e7\u00e3o de todas as profiss\u00f5es, mas a culpa recai sempre no professor. Enquanto a escola trabalha a forma\u00e7\u00e3o continuada, o que os outros profissionais fazem para ficar antenados aos problemas e \u00e0s modifica\u00e7\u00f5es que o mundo traz? \u00c9 interessante pensar sobre isso.<\/p>\n<p style=\"text-align: justify;\">Acredito sim que a culpa seja de todos n\u00f3s, brasileiros. Na educa\u00e7\u00e3o, estamos em um momento fr\u00e1gil, de muito sofrimento. Os resultados do Pisa e do Enem evidenciam o problema. E isso por conta da falta de gest\u00e3o, de seriedade e de \u00e9tica na vontade de fazer diferente e melhorar. \u00c9 uma pena, e um caminho sem volta.<\/p>\n<p style=\"text-align: justify;\">Como resgatar o prazer pela aprendizagem dessa maneira? Levando em conta que o cen\u00e1rio conta com milhares de analfabetos funcionais e analfabetos em interpreta\u00e7\u00e3o, que erram inclusive na escolha de seus governantes. Ao que parece, o governo \u00e9 feliz por ter uma popula\u00e7\u00e3o ignorante, que n\u00e3o discrimina os roubos e falcatruas que acontecem, sem condi\u00e7\u00f5es de separar o trigo do joio.<\/p>\n<p style=\"text-align: justify;\">As escolas s\u00e3o o \u00faltimo reduto da verdade e da \u00e9tica. Mas, para que elas funcionem, o professor precisa voltar para sala de aula, mesmo que ela esteja caindo aos peda\u00e7os. Afinal, a educa\u00e7\u00e3o pode ser encontrada em qualquer lugar, at\u00e9 mesmo na sombra de uma \u00e1rvore. Basta querer.<\/p>\n<p style=\"text-align: right;\"><em><strong>Esther Cristina Pereira<\/strong> \u00e9 psicopedagoga, diretora da Escola Atua\u00e7\u00e3o<br \/>\ne vice-presidente do Sinepe\/PR.<\/em><\/p>\n","protected":false},"excerpt":{"rendered":"<p>Acompanhamos, diariamente, as escolas brasileiras sendo recha\u00e7adas pela opini\u00e3o p\u00fablica por conta de problemas que acontecem em fun\u00e7\u00e3o de uma m\u00e1 gest\u00e3o ou da falta dela. Por isso, \u00e9 preciso esclarecer algumas quest\u00f5es. Escrevo aqui como gestora de uma escola particular e busco fazer um paralelo com a situa\u00e7\u00e3o da escola p\u00fablica que nos vem [&hellip;]<\/p>\n","protected":false},"author":2,"featured_media":0,"comment_status":"open","ping_status":"open","sticky":false,"template":"","format":"standard","meta":{"footnotes":""},"categories":[2],"tags":[],"_links":{"self":[{"href":"https:\/\/esominhaopiniao.com.br\/index.php?rest_route=\/wp\/v2\/posts\/193"}],"collection":[{"href":"https:\/\/esominhaopiniao.com.br\/index.php?rest_route=\/wp\/v2\/posts"}],"about":[{"href":"https:\/\/esominhaopiniao.com.br\/index.php?rest_route=\/wp\/v2\/types\/post"}],"author":[{"embeddable":true,"href":"https:\/\/esominhaopiniao.com.br\/index.php?rest_route=\/wp\/v2\/users\/2"}],"replies":[{"embeddable":true,"href":"https:\/\/esominhaopiniao.com.br\/index.php?rest_route=%2Fwp%2Fv2%2Fcomments&post=193"}],"version-history":[{"count":0,"href":"https:\/\/esominhaopiniao.com.br\/index.php?rest_route=\/wp\/v2\/posts\/193\/revisions"}],"wp:attachment":[{"href":"https:\/\/esominhaopiniao.com.br\/index.php?rest_route=%2Fwp%2Fv2%2Fmedia&parent=193"}],"wp:term":[{"taxonomy":"category","embeddable":true,"href":"https:\/\/esominhaopiniao.com.br\/index.php?rest_route=%2Fwp%2Fv2%2Fcategories&post=193"},{"taxonomy":"post_tag","embeddable":true,"href":"https:\/\/esominhaopiniao.com.br\/index.php?rest_route=%2Fwp%2Fv2%2Ftags&post=193"}],"curies":[{"name":"wp","href":"https:\/\/api.w.org\/{rel}","templated":true}]}}