{"id":184,"date":"2014-10-31T18:04:25","date_gmt":"2014-10-31T18:04:25","guid":{"rendered":"http:\/\/esominhaopiniao.com.br\/?p=184"},"modified":"2014-10-31T18:04:25","modified_gmt":"2014-10-31T18:04:25","slug":"resultado-das-eleicoes-tristeza","status":"publish","type":"post","link":"https:\/\/esominhaopiniao.com.br\/?p=184","title":{"rendered":"Resultado das elei\u00e7\u00f5es: Tristeza"},"content":{"rendered":"<p style=\"text-align: justify;\">Na segunda-feira, 27\/10, ap\u00f3s o resultado das elei\u00e7\u00f5es, tristeza foi o sentimento de quase 50% da popula\u00e7\u00e3o brasileira. Inclu\u00eddo nesta parcela de pessoas fiquei ainda mais perplexo ao almo\u00e7ar com as crian\u00e7as &#8211; na faixa et\u00e1ria dos 7 aos 9 ano &#8211; como fa\u00e7o quase todos os dias e presenciar uma conversa sobre o resultado das elei\u00e7\u00f5es. Eis que o Lucas* perguntou:<\/p>\n<p style=\"text-align: justify;\">&#8211; Ademar, roubar \u00e9 errado?<!--more--><\/p>\n<p style=\"text-align: justify;\">E a menina Luiza* respondeu antes que eu pudesse me pronunciar.<\/p>\n<p style=\"text-align: justify;\">&#8211; Mas j\u00e1 falei! Eles ajudam as pessoas. A Dilma ajuda os pobres e o A\u00e9cio os ricos.<\/p>\n<p style=\"text-align: justify;\">Com mais de 20 anos convivendo com as crian\u00e7as, aprendi que n\u00e3o se deve sair respondendo os questionamentos de qualquer jeito. Procurei saber a profundidade das d\u00favidas, para ent\u00e3o ampliar a discuss\u00e3o e d\u00favidas naquelas crian\u00e7as, mas por outro lado teria que responder objetivamente, pois crian\u00e7a ainda n\u00e3o tem condi\u00e7\u00f5es de contextualizar, precisam encaixar dentro da m\u00e1xima: ou \u00e9 certo ou \u00e9 errado.<\/p>\n<p style=\"text-align: justify;\">Perguntei para a Luiza, quem lhe falou que a Dilma ajuda os pobres e o A\u00e9cio os ricos. Ela respondeu:<\/p>\n<p style=\"text-align: justify;\">&#8211; A Maria.<\/p>\n<p style=\"text-align: justify;\">Perguntei quem \u00e9 a Maria.<\/p>\n<p style=\"text-align: justify;\">&#8211; \u00a0A Maria eu conhe\u00e7o desde beb\u00ea e trabalha onde minha m\u00e3e faz as unhas.<\/p>\n<p style=\"text-align: justify;\">Ao Lucas questionei porque ele perguntou se roubar \u00e9 errado.<\/p>\n<p style=\"text-align: justify;\">&#8211; \u00c9 que meu pai votou no A\u00e9cio porque disse que \u00e9 errado roubar, mas o pai da Luiza votou na Dilma, e diz que ela ajuda os pobres.<\/p>\n<p style=\"text-align: justify;\">Entendida a complexidade das d\u00favidas das crian\u00e7as, fiquei numa tremenda \u2018saia justa\u2019, pois como educador trabalho com o conceito de que\u00a0certo \u00e9 certo e errado \u00e9 errado. Que mesmo com uma boa justificativa n\u00e3o se pode cometer erros, muito menos pegar o que n\u00e3o nos pertence, etc. Ou seja, procuro trabalhar com o conceito da forma\u00e7\u00e3o de valores t\u00e3o importantes para que tenhamos adultos saud\u00e1veis, \u00e9ticos e trabalhadores.<\/p>\n<p style=\"text-align: justify;\">Respondi as crian\u00e7as que roubar \u00e9 errado, mesmo quando se tem uma \u2018boa raz\u00e3o\u2019. J\u00e1 ia tentando sair de fininho quando o Pedro* perguntou:<\/p>\n<p style=\"text-align: justify;\">&#8211;\u00a0\u00a0\u00a0\u00a0\u00a0\u00a0 Ademar em quem voc\u00ea votou?<\/p>\n<p style=\"text-align: justify;\">Na d\u00favida e como todos esperavam uma resposta objetiva, olhei para aqueles rostinhos, pensei alguns segundos e respondi: o voto \u00e9 secreto.<\/p>\n<p style=\"text-align: justify;\">N\u00e3o preciso dizer que minha tristeza aumentou e muito, pois nesse momento percebi o quanto perdemos nos \u00faltimos anos como sociedade. Fiquei triste em perceber como estamos equivocados em rela\u00e7\u00e3o a forma\u00e7\u00e3o dos valores das pessoas, especialmente dos mais jovens e humildes.<\/p>\n<p style=\"text-align: justify;\">A imagem que a Maria passou para a Luiza, est\u00e1 errada, mas ela foi manipulada pela propaganda do governo que incutiu na cabe\u00e7a dela que se ajudar os mais necessitados pode roubar. Isso \u00e9 manipula\u00e7\u00e3o do sentimento de justi\u00e7a das pessoas, t\u00e3o bem trabalhado na vis\u00e3o do Robin Hood que roubava dos ricos para ajudar os pobres. Mas, a Maria com sua simplicidade e humildade est\u00e1 contribuindo para construir na cabe\u00e7a das crian\u00e7as que roubar \u00e9 certo, desde que ajude os pobres. E o Lucas pode ser taxado de insens\u00edvel, pois defende que n\u00e3o se pode roubar e, portanto, defende os ricos ou quem ajuda os ricos.<\/p>\n<p style=\"text-align: justify;\">Fiquei triste, e acredito que a tristeza observada em parte da popula\u00e7\u00e3o nesses dias p\u00f3s-elei\u00e7\u00f5es vem dessa percep\u00e7\u00e3o, que estamos deixando que interesses partid\u00e1rios ou ideol\u00f3gicos permeiem a forma\u00e7\u00e3o de uma gera\u00e7\u00e3o inteira. Afinal, j\u00e1 s\u00e3o 12 anos dessa vis\u00e3o pregada pelo atual governo e agora teremos mais quarto anos de conceitos a serem manipulados para a forma\u00e7\u00e3o de quais valores? Entendo que esse conceito que permite roubar para ajudar os pobres n\u00e3o \u00e9 solidariedade, \u00e9 desumanidade.<\/p>\n<p style=\"text-align: justify;\"><em>Ademar Batista Pereira \u2013 educador e articulista do blog <\/em><a href=\"http:\/\/www.esominhaopiniao.com.br\/\"><em>www.esominhaopiniao.com.br<\/em><\/a><\/p>\n<p style=\"text-align: justify;\">* Foram usados nomes fict\u00edcios para preservar a identidade das crian\u00e7as.<\/p>\n","protected":false},"excerpt":{"rendered":"<p>Na segunda-feira, 27\/10, ap\u00f3s o resultado das elei\u00e7\u00f5es, tristeza foi o sentimento de quase 50% da popula\u00e7\u00e3o brasileira. Inclu\u00eddo nesta parcela de pessoas fiquei ainda mais perplexo ao almo\u00e7ar com as crian\u00e7as &#8211; na faixa et\u00e1ria dos 7 aos 9 ano &#8211; como fa\u00e7o quase todos os dias e presenciar uma conversa sobre o resultado [&hellip;]<\/p>\n","protected":false},"author":2,"featured_media":0,"comment_status":"open","ping_status":"open","sticky":false,"template":"","format":"standard","meta":{"footnotes":""},"categories":[2],"tags":[],"_links":{"self":[{"href":"https:\/\/esominhaopiniao.com.br\/index.php?rest_route=\/wp\/v2\/posts\/184"}],"collection":[{"href":"https:\/\/esominhaopiniao.com.br\/index.php?rest_route=\/wp\/v2\/posts"}],"about":[{"href":"https:\/\/esominhaopiniao.com.br\/index.php?rest_route=\/wp\/v2\/types\/post"}],"author":[{"embeddable":true,"href":"https:\/\/esominhaopiniao.com.br\/index.php?rest_route=\/wp\/v2\/users\/2"}],"replies":[{"embeddable":true,"href":"https:\/\/esominhaopiniao.com.br\/index.php?rest_route=%2Fwp%2Fv2%2Fcomments&post=184"}],"version-history":[{"count":0,"href":"https:\/\/esominhaopiniao.com.br\/index.php?rest_route=\/wp\/v2\/posts\/184\/revisions"}],"wp:attachment":[{"href":"https:\/\/esominhaopiniao.com.br\/index.php?rest_route=%2Fwp%2Fv2%2Fmedia&parent=184"}],"wp:term":[{"taxonomy":"category","embeddable":true,"href":"https:\/\/esominhaopiniao.com.br\/index.php?rest_route=%2Fwp%2Fv2%2Fcategories&post=184"},{"taxonomy":"post_tag","embeddable":true,"href":"https:\/\/esominhaopiniao.com.br\/index.php?rest_route=%2Fwp%2Fv2%2Ftags&post=184"}],"curies":[{"name":"wp","href":"https:\/\/api.w.org\/{rel}","templated":true}]}}