{"id":181,"date":"2014-10-24T12:55:44","date_gmt":"2014-10-24T12:55:44","guid":{"rendered":"http:\/\/esominhaopiniao.com.br\/?p=181"},"modified":"2014-10-24T12:55:44","modified_gmt":"2014-10-24T12:55:44","slug":"o-cancer-e-a-esquerda-na-modernidade","status":"publish","type":"post","link":"https:\/\/esominhaopiniao.com.br\/?p=181","title":{"rendered":"O \u201cc\u00e2ncer\u201d e a esquerda na modernidade"},"content":{"rendered":"<p style=\"text-align: justify;\">O c\u00e2ncer instala-se no organismo atrav\u00e9s de uma c\u00e9lula tronco que com sua capacidade de se transformar em qualquer tecido, por\u00e9m doentia, engana as defesas e convence-o a instalar todo um sistema de vasculariza\u00e7\u00e3o e prote\u00e7\u00e3o como se fosse uma coisa boa.\u00a0 As defesas passam por ela e nada percebem. Quando completamente instalada, come\u00e7a a se multiplicar e consumir energia naquela regi\u00e3o, e, em geral, o organismo n\u00e3o reage, pois n\u00e3o apresenta ou qualquer sintoma que possa identific\u00e1-la. Essas c\u00e9lulas cancer\u00edgenas continuam seu desenvolvimento at\u00e9 que a identificamos a tempo por meio de exames externos ou quando o organismo apresenta algum sintoma, ou com tratamento que em muitos casos mata o organismo.<!--more--><\/p>\n<p style=\"text-align: justify;\">Nesses \u00faltimos dias que precede o segundo turno das elei\u00e7\u00f5es em que estamos perplexos com a corrup\u00e7\u00e3o e desmandos do governo do PT, em que percebemos que os sintomas n\u00e3o s\u00e3o bons, o Brasil j\u00e1 apresenta \u201csintomas cancerigenos\u201d como o desemprego, infla\u00e7\u00e3o, d\u00e9ficit na balan\u00e7a comercial, falta de investimento.<\/p>\n<p style=\"text-align: justify;\">Fa\u00e7o uma analogia ao c\u00e2ncer, pois trata-se de um momento em que o setor produtivo est\u00e1 completamente quebrado. Ao acompanhar a propaganda do PT, essa vis\u00e3o do n\u00f3s contra eles, mostra que vale tudo para se manter, e ainda sem entender porque muitos brasileiros acreditam e votam nessa gente de forma a continuar alimentando esse \u201cc\u00e2ncer\u201d que vem tomando conta do nosso organismo chamado Brasil.<\/p>\n<p style=\"text-align: justify;\">O que vejo s\u00e3o dois grupos de pessoas que ainda votam e defendem &#8220;isso&#8221;.<\/p>\n<p style=\"text-align: justify;\">Os brasileiros do bem, que s\u00f3 querem trabalhar, pagar suas contas e dar condi\u00e7\u00f5es melhores para os filhos e a fam\u00edlia. Grupo de bem intencionados que s\u00f3 conseguem ver alguns dias atr\u00e1s ou na frente, que pela sua ingenuidade n\u00e3o percebem que os 12 anos de bonan\u00e7a que tivemos, somente foi poss\u00edvel porque o Brasil estava organizado e em plenas condi\u00e7\u00f5es para crescer. Era um pa\u00eds com infla\u00e7\u00e3o controlada, uma economia est\u00e1vel e com as contas em ordem, um grande saldo na balan\u00e7a comercial e somente assim foi poss\u00edvel implantar ou melhorar o t\u00e3o propalado programa de distribui\u00e7\u00e3o de renda, e enganados como os sistemas de defesa no caso do c\u00e2ncer, ainda continuam sustentando a c\u00e9lula cancer\u00edgena.<\/p>\n<p style=\"text-align: justify;\">Na outra ponta est\u00e3o os beneficiados diretos pelos desmandos e pelo crescimento dessa \u201cdoen\u00e7a\u201d. Pessoas em cargos de comiss\u00e3o e certos concursados com sua estabilidade e aposentadoria aos 50 anos com sal\u00e1rio integral. Esses representam o pr\u00f3prio c\u00e2ncer, e nesse caso agem como se o organismo devesse existir para servi-los, que o sistema de irriga\u00e7\u00e3o sangu\u00edneo foi instalado pelo organismo para aliment\u00e1-lo, s\u00e3o esses mesmos que fiscalizam o setor produtivo, que para contratar algum servi\u00e7o ou comprar algum produto, exigem propinas ou pagamento por &#8220;servi\u00e7os&#8221; de consultoria ou de despachante.<\/p>\n<p style=\"text-align: justify;\">Ao apresentar essa opini\u00e3o, n\u00e3o estou de maneira alguma defendendo essa vis\u00e3o do n\u00f3s contra eles, onde a melhor defesa \u00e9 o ataque, dos bons contra os ruins, n\u00e3o acho que o nosso sistema pol\u00edtico \u00e9 o melhor. Defendo uma reforma pol\u00edtica onde possamos ter maior transpar\u00eancia e maior efici\u00eancia dos altos impostos que pagamos. Por\u00e9m, acredito que todos concordam que precisamos avan\u00e7ar na democracia, ter maior transpar\u00eancia, diminuir at\u00e9 acabar com a impunidade tanto para corrup\u00e7\u00e3o como para a viol\u00eancia.<\/p>\n<p style=\"text-align: justify;\">Acho que j\u00e1 deu dessa turma, defendo a democracia pelas condi\u00e7\u00f5es que temos de altern\u00e2ncia do poder, pelo respeito ao debate e as ideias e n\u00e3o \u00e9 o caso desse modelo que est\u00e1 a\u00ed, onde se relativizou a corrup\u00e7\u00e3o, incompet\u00eancia, inefici\u00eancia e falta de di\u00e1logo, pois para dialogar, precisamos ter certeza das nossas convic\u00e7\u00f5es, mas precisamos admitir a possibilidade de estar errado, \u00e9 essa a diferen\u00e7a entre um democrata e um esquerda moderno ou PT.<\/p>\n<p style=\"text-align: right;\"><em><strong>Ademar Batista Pereira<\/strong> \u2013 autor do blog esominhaopiniao.com.br<\/em><\/p>\n","protected":false},"excerpt":{"rendered":"<p>O c\u00e2ncer instala-se no organismo atrav\u00e9s de uma c\u00e9lula tronco que com sua capacidade de se transformar em qualquer tecido, por\u00e9m doentia, engana as defesas e convence-o a instalar todo um sistema de vasculariza\u00e7\u00e3o e prote\u00e7\u00e3o como se fosse uma coisa boa.\u00a0 As defesas passam por ela e nada percebem. Quando completamente instalada, come\u00e7a a [&hellip;]<\/p>\n","protected":false},"author":2,"featured_media":0,"comment_status":"open","ping_status":"open","sticky":false,"template":"","format":"standard","meta":{"footnotes":""},"categories":[2],"tags":[],"_links":{"self":[{"href":"https:\/\/esominhaopiniao.com.br\/index.php?rest_route=\/wp\/v2\/posts\/181"}],"collection":[{"href":"https:\/\/esominhaopiniao.com.br\/index.php?rest_route=\/wp\/v2\/posts"}],"about":[{"href":"https:\/\/esominhaopiniao.com.br\/index.php?rest_route=\/wp\/v2\/types\/post"}],"author":[{"embeddable":true,"href":"https:\/\/esominhaopiniao.com.br\/index.php?rest_route=\/wp\/v2\/users\/2"}],"replies":[{"embeddable":true,"href":"https:\/\/esominhaopiniao.com.br\/index.php?rest_route=%2Fwp%2Fv2%2Fcomments&post=181"}],"version-history":[{"count":0,"href":"https:\/\/esominhaopiniao.com.br\/index.php?rest_route=\/wp\/v2\/posts\/181\/revisions"}],"wp:attachment":[{"href":"https:\/\/esominhaopiniao.com.br\/index.php?rest_route=%2Fwp%2Fv2%2Fmedia&parent=181"}],"wp:term":[{"taxonomy":"category","embeddable":true,"href":"https:\/\/esominhaopiniao.com.br\/index.php?rest_route=%2Fwp%2Fv2%2Fcategories&post=181"},{"taxonomy":"post_tag","embeddable":true,"href":"https:\/\/esominhaopiniao.com.br\/index.php?rest_route=%2Fwp%2Fv2%2Ftags&post=181"}],"curies":[{"name":"wp","href":"https:\/\/api.w.org\/{rel}","templated":true}]}}