{"id":178,"date":"2014-09-26T21:16:41","date_gmt":"2014-09-26T21:16:41","guid":{"rendered":"http:\/\/esominhaopiniao.com.br\/?p=178"},"modified":"2014-09-26T21:16:41","modified_gmt":"2014-09-26T21:16:41","slug":"votar-branco-nulo-ou-nao-votar","status":"publish","type":"post","link":"https:\/\/esominhaopiniao.com.br\/?p=178","title":{"rendered":"Votar branco, nulo ou n\u00e3o votar?"},"content":{"rendered":"<p style=\"text-align: justify;\">Se analisarmos as leis atuais e suas interpreta\u00e7\u00f5es, o direito do cidad\u00e3o brasileiro de votar como quiser ou mesmo n\u00e3o votar n\u00e3o ser\u00e1 respeitado nas elei\u00e7\u00f5es desse ano, pois continuar\u00e3o a serem eleitos os mesmos, ou aqueles que os partidos definiram como \u201cvi\u00e1veis\u201d para a manuten\u00e7\u00e3o ou a conquista do poder.<!--more--><\/p>\n<p style=\"text-align: justify;\">Precisamos analisar a situa\u00e7\u00e3o de um ponto de vista mais democr\u00e1tico ou, no m\u00ednimo, do ponto de vista de quem paga a conta, ou seja, toda a popula\u00e7\u00e3o brasileira. \u00c9 mais do que conhecida a carga tribut\u00e1ria brasileira e seu pouco o quase nenhum retorno para os pagadores de impostos, seja em servi\u00e7os que o estado deve prestar, seja em obras de infraestrutura t\u00e3o necess\u00e1ria para o desenvolvimento do nosso pa\u00eds.<\/p>\n<p style=\"text-align: justify;\">Em todas as elei\u00e7\u00f5es iniciam-se campanhas de votos de protesto, de que n\u00e3o adianta votar pela falta de op\u00e7\u00e3o, que se o voto for nulo anularia as elei\u00e7\u00f5es e for\u00e7aria a tal falada reforma do sistema eleitoral, se votar branco n\u00e3o conta etc.<\/p>\n<p style=\"text-align: justify;\">De fato pela atual legisla\u00e7\u00e3o e pelo sistema de voto eletr\u00f4nico no Brasil votar branco ou nulo n\u00e3o vale, ou seja \u00e9 pura perda de tempo. Apesar de nosso sistema eleitoral parecer moderno, \u00e9 um dos mais rudimentares do mundo. As urnas t\u00eam apenas tr\u00eas op\u00e7\u00f5es: votar no candidato, branco ou em um n\u00famero inexistente que nesse caso anula o voto. O fato \u00e9 que o &#8220;sisteminha&#8221; eleitoral conta apenas os votos v\u00e1lidos para contabilizar para cada candidato, os nulos e brancos n\u00e3o s\u00e3o contabilizados e n\u00e3o contam para ningu\u00e9m.<\/p>\n<p style=\"text-align: justify;\">Apesar de n\u00e3o concordar plenamente, em tempos de grandes mobiliza\u00e7\u00f5es poderia ser uma boa ideia se nenhum brasileiro fosse votar. Se no dia 05 de outubro simplesmente fizesse outro programa, um churrasco com os amigos, levar as crian\u00e7as para o parque, ir a praia ou mesmo ficar em casa. Imagine que protesto legal, apesar de todo o aparato da justi\u00e7a eleitoral, dos pol\u00edticos e governo, ficassem todos esperando os votos e eles n\u00e3o viessem. Ser\u00edamos not\u00edcia na m\u00eddia internacional! A tal festa da democracia seria real, todos os brasileiros exerceram seu direito de n\u00e3o fazer parte da grande farsa que se chama elei\u00e7\u00f5es.<\/p>\n<p style=\"text-align: justify;\">Sem a reforma pol\u00edtica nosso voto n\u00e3o faz a diferen\u00e7a. E, no meu ponto de vista, tal reforma poderia ser relativamente simples, de acordo com os seguintes itens:<\/p>\n<p style=\"padding-left: 30px;\"><strong>1)<\/strong> voto distrital misto para os cargos legislativos;<br \/>\n<strong>2)<\/strong> voto n\u00e3o obrigat\u00f3rio;<br \/>\n<strong>3)<\/strong> reforma na lei dos partidos para obrig\u00e1-los a ter elei\u00e7\u00f5es, acabando com as executivas provis\u00f3rias;<br \/>\n<strong>4)<\/strong> eleger os mais votados n\u00e3o por legenda ou partido;<br \/>\n<strong>5)<\/strong> limitar o n\u00famero de mandatos;<br \/>\n<strong>6)<\/strong> unificar as elei\u00e7\u00f5es para cada quatro anos.<\/p>\n<p style=\"text-align: justify;\">Com isso baratear\u00edamos as campanhas, e poder\u00edamos participar mais ativamente dos partidos nas nossas cidades, sem correr o risco de ser vendido no pacote.<\/p>\n<p style=\"text-align: justify;\">Tal reforma n\u00e3o \u00e9 feita porque ela tornaria mais dif\u00edcil a manuten\u00e7\u00e3o dos mesmos no poder. Porque a popula\u00e7\u00e3o votaria em algu\u00e9m mais pr\u00f3ximo, o que tornaria a fiscaliza\u00e7\u00e3o melhor. Mas a maior resist\u00eancia est\u00e1 nos tribunais eleitorais! Esses s\u00e3o verdadeiros dinossauros de m\u00e1rmore, que ocupam grandes estruturas, mas passam 95% do tempo ociosos com pessoas regiamente pagas andando em c\u00e2mara lenta, literalmente gastando o tempo. Imaginem o que fariam esses privilegiados se o voto n\u00e3o fosse obrigat\u00f3rio?<\/p>\n<p style=\"text-align: justify;\">Cart\u00f3rio no Brasil j\u00e1 e por si s\u00f3 sin\u00f4nimo de atraso, carimbo, papel, etc.<\/p>\n<p style=\"text-align: justify;\">Claro que precisamos fiscalizar as elei\u00e7\u00f5es, mas poder\u00edamos ter estruturas tempor\u00e1rias, pois ter\u00edamos elei\u00e7\u00f5es a cada quatro anos, outra mudan\u00e7a dif\u00edcil de passar.<\/p>\n<p style=\"text-align: justify;\">Pelo menos fica a\u00ed algumas sugest\u00f5es. E se n\u00e3o acreditamos que podemos com nosso m\u00edsero votinho fazer alguma diferen\u00e7a, talvez n\u00e3o dev\u00eassemos perder tempo votando nestas elei\u00e7\u00f5es. Vamos fazer algo mais \u00fatil e depois passar no Tribunal Eleitoral para justificar, pagar a multa, e regularizar a situa\u00e7\u00e3o.<\/p>\n<p style=\"text-align: right;\"><em><strong>Ademar Batista Pereira<\/strong> \u2013 educador e articulista do blog esominhaopiniao.com.br<\/em><\/p>\n","protected":false},"excerpt":{"rendered":"<p>Se analisarmos as leis atuais e suas interpreta\u00e7\u00f5es, o direito do cidad\u00e3o brasileiro de votar como quiser ou mesmo n\u00e3o votar n\u00e3o ser\u00e1 respeitado nas elei\u00e7\u00f5es desse ano, pois continuar\u00e3o a serem eleitos os mesmos, ou aqueles que os partidos definiram como \u201cvi\u00e1veis\u201d para a manuten\u00e7\u00e3o ou a conquista do poder.<\/p>\n","protected":false},"author":2,"featured_media":0,"comment_status":"open","ping_status":"open","sticky":false,"template":"","format":"standard","meta":{"footnotes":""},"categories":[2],"tags":[],"_links":{"self":[{"href":"https:\/\/esominhaopiniao.com.br\/index.php?rest_route=\/wp\/v2\/posts\/178"}],"collection":[{"href":"https:\/\/esominhaopiniao.com.br\/index.php?rest_route=\/wp\/v2\/posts"}],"about":[{"href":"https:\/\/esominhaopiniao.com.br\/index.php?rest_route=\/wp\/v2\/types\/post"}],"author":[{"embeddable":true,"href":"https:\/\/esominhaopiniao.com.br\/index.php?rest_route=\/wp\/v2\/users\/2"}],"replies":[{"embeddable":true,"href":"https:\/\/esominhaopiniao.com.br\/index.php?rest_route=%2Fwp%2Fv2%2Fcomments&post=178"}],"version-history":[{"count":0,"href":"https:\/\/esominhaopiniao.com.br\/index.php?rest_route=\/wp\/v2\/posts\/178\/revisions"}],"wp:attachment":[{"href":"https:\/\/esominhaopiniao.com.br\/index.php?rest_route=%2Fwp%2Fv2%2Fmedia&parent=178"}],"wp:term":[{"taxonomy":"category","embeddable":true,"href":"https:\/\/esominhaopiniao.com.br\/index.php?rest_route=%2Fwp%2Fv2%2Fcategories&post=178"},{"taxonomy":"post_tag","embeddable":true,"href":"https:\/\/esominhaopiniao.com.br\/index.php?rest_route=%2Fwp%2Fv2%2Ftags&post=178"}],"curies":[{"name":"wp","href":"https:\/\/api.w.org\/{rel}","templated":true}]}}