{"id":175,"date":"2014-09-12T20:58:11","date_gmt":"2014-09-12T20:58:11","guid":{"rendered":"http:\/\/esominhaopiniao.com.br\/?p=175"},"modified":"2014-09-12T20:58:11","modified_gmt":"2014-09-12T20:58:11","slug":"eleicoes-2014-tres-candidatos-a-presidencia-e-suas-visoes-de-mundo","status":"publish","type":"post","link":"https:\/\/esominhaopiniao.com.br\/?p=175","title":{"rendered":"Elei\u00e7\u00f5es 2014: tr\u00eas candidatos a presid\u00eancia e suas vis\u00f5es de mundo"},"content":{"rendered":"<p style=\"text-align: justify;\">Estamos a 30 dias das elei\u00e7\u00f5es no Brasil e precisamos escolher quem ter\u00e1 o poder de governar ou desgovernar esse imenso, gigante, adormecido pa\u00eds e seu povo pac\u00edfico, solid\u00e1rio e cordial.<!--more--><\/p>\n<p style=\"text-align: justify;\">Nos meus mais de 30 anos como eleitor, sempre escolhi o candidato menos pior, pois as op\u00e7\u00f5es nos levam e levaram sempre a essa \u00fanica possibilidade. Ocorre que nos dias de hoje mesmo tentando escolher o menos pior a diferen\u00e7a entre todos \u00e9 muito estreita, talvez a\u00ed esteja a dificuldade das pessoas em definir e deixar para decidir em quem votam nos minutos finais, e vejam, nem estou falando no voto para deputado, esses a muito tempo votamos e no dia seguinte n\u00e3o lembramos mais, tal a falta de interessa e verdadeira op\u00e7\u00e3o de escolha. Mas, nas elei\u00e7\u00e3o para presidente, essa \u00e9 a que realmente importa, hoje temos claramente tr\u00eas mundos bem distintos que representam os principais candidatos.<\/p>\n<p style=\"text-align: justify;\">Ao votarmos na Dilma e no PT, estamos escolhendo os movimentos sociais, os sem terra, os sem teto, os sem universidade, os sindicalistas. Nesse caso, quem fizer esta op\u00e7\u00e3o estar\u00e1 escolhendo a vis\u00e3o de mundo dos direitos, mundo das pessoas que passam a vida falando em defesa de uma categoria, categoria essa que nunca participa do seu sindicato ou associa\u00e7\u00e3o, e que suas lideran\u00e7as fazem elei\u00e7\u00f5es as escondidas, mudando apenas a ordem das chapas para manter os mesmos no comando da categoria. Uma vis\u00e3o de mundo onde o estado se basta, e trabalhador \u00e9 apenas o empregado, a vis\u00e3o de mundo das classes, dos exploradores e dos explorados.<\/p>\n<p style=\"text-align: justify;\">Se escolherem votar no A\u00e9cio Neves (PSDB), a vis\u00e3o de mundo \u00e9 outra e bem diferente, na qual se respeita os direitos, mas para ter direito as pessoas precisam estar com os deverem em ordem, precisam ter m\u00e9rito, ou quem tem compet\u00eancia se estabelece mais e melhor. Uma vis\u00e3o de mundo em que o governo \u00e9 o grande articulador do desenvolvimento, mas acontecer\u00e1 pela iniciativa privada, em que as empresas s\u00e3o chamadas a investir e ganhar dinheiro, ou seja uma vis\u00e3o mais capitalista do mundo desenvolvido, que a exemplo dos EUA ou Alemanha, o desenvolvimento vem atrav\u00e9s dos investimentos de todos, especialmente das empresas e capital privado.<\/p>\n<p style=\"text-align: justify;\">Se escolherem votar na Marina Silva (PSB), a vis\u00e3o \u00e9 a do chamado terceiro setor, das ONG&#8217;s, onde n\u00e3o se paga imposto, e administra o dinheiro dos outros, muitas vezes pouco, e as demandas s\u00e3o grandes. Uma vis\u00e3o onde se defende os exclu\u00eddos, os direitos, sem um compromisso maior com o m\u00e9rito, ou resultado, pois o objetivo \u00e9 atender e acreditar naquela necessidade e procurar meios para resolver.<\/p>\n<p style=\"text-align: justify;\">Evidentemente cada candidato tem suas limita\u00e7\u00f5es e projetos, e sempre dizem que respeitam a diversidade e que vai governar para a maioria, mas o que vamos escolher em 30 dias ser\u00e1 uma das tr\u00eas vis\u00f5es de mundo, com suas limita\u00e7\u00f5es e cren\u00e7as.<\/p>\n<p style=\"text-align: justify;\">Por outro lado n\u00e3o adianta muito pensar que qualquer eleito far\u00e1 uma mudan\u00e7a radical no jeito brasileiro de ser. Um pa\u00eds que tem um povo acostumado a pensar individualmente, um povo que confunde a coisa p\u00fablica com coisa sem dono.<\/p>\n<p style=\"text-align: justify;\">Acredito de verdade que n\u00e3o teremos e n\u00e3o precisamos de salvador da p\u00e1tria, precisamos manter nossa pseudo democracia que o que tem de bem \u00e9 a possibilidade de altern\u00e2ncia no poder. E vamos construindo nossa democracia e o nosso Pa\u00eds com esse povo, esses pol\u00edticos e especialmente esses id\u00e9ias individualistas, alternando de uma vis\u00e3o de mundo para outra.<\/p>\n<p style=\"text-align: right;\"><strong><em>Ademar Batista Pereira<\/em><\/strong><em> \u2013 educador e articulista do blog esominhaopiniao.com.br<\/em><\/p>\n<p style=\"text-align: justify;\">\n","protected":false},"excerpt":{"rendered":"<p>Estamos a 30 dias das elei\u00e7\u00f5es no Brasil e precisamos escolher quem ter\u00e1 o poder de governar ou desgovernar esse imenso, gigante, adormecido pa\u00eds e seu povo pac\u00edfico, solid\u00e1rio e cordial.<\/p>\n","protected":false},"author":2,"featured_media":0,"comment_status":"open","ping_status":"open","sticky":false,"template":"","format":"standard","meta":{"footnotes":""},"categories":[2],"tags":[],"_links":{"self":[{"href":"https:\/\/esominhaopiniao.com.br\/index.php?rest_route=\/wp\/v2\/posts\/175"}],"collection":[{"href":"https:\/\/esominhaopiniao.com.br\/index.php?rest_route=\/wp\/v2\/posts"}],"about":[{"href":"https:\/\/esominhaopiniao.com.br\/index.php?rest_route=\/wp\/v2\/types\/post"}],"author":[{"embeddable":true,"href":"https:\/\/esominhaopiniao.com.br\/index.php?rest_route=\/wp\/v2\/users\/2"}],"replies":[{"embeddable":true,"href":"https:\/\/esominhaopiniao.com.br\/index.php?rest_route=%2Fwp%2Fv2%2Fcomments&post=175"}],"version-history":[{"count":0,"href":"https:\/\/esominhaopiniao.com.br\/index.php?rest_route=\/wp\/v2\/posts\/175\/revisions"}],"wp:attachment":[{"href":"https:\/\/esominhaopiniao.com.br\/index.php?rest_route=%2Fwp%2Fv2%2Fmedia&parent=175"}],"wp:term":[{"taxonomy":"category","embeddable":true,"href":"https:\/\/esominhaopiniao.com.br\/index.php?rest_route=%2Fwp%2Fv2%2Fcategories&post=175"},{"taxonomy":"post_tag","embeddable":true,"href":"https:\/\/esominhaopiniao.com.br\/index.php?rest_route=%2Fwp%2Fv2%2Ftags&post=175"}],"curies":[{"name":"wp","href":"https:\/\/api.w.org\/{rel}","templated":true}]}}