{"id":172,"date":"2014-08-22T21:10:38","date_gmt":"2014-08-22T21:10:38","guid":{"rendered":"http:\/\/esominhaopiniao.com.br\/?p=172"},"modified":"2014-08-22T21:10:38","modified_gmt":"2014-08-22T21:10:38","slug":"a-crianca-e-a-superexposicao-as-imagens","status":"publish","type":"post","link":"https:\/\/esominhaopiniao.com.br\/?p=172","title":{"rendered":"A crian\u00e7a e a superexposi\u00e7\u00e3o \u00e0s imagens"},"content":{"rendered":"<p style=\"text-align: justify;\">A grande evolu\u00e7\u00e3o da tecnologia e a consequente acessibilidade a todos pelo pre\u00e7o e facilidade de aquisi\u00e7\u00e3o desses aparatos tecnol\u00f3gicos est\u00e1 levando as fam\u00edlias a n\u00e3o perceberem a dimens\u00e3o da exposi\u00e7\u00e3o das crian\u00e7as, desde rec\u00e9m-nascidas, a esses dispositivos port\u00e1teis (jogos eletr\u00f4nicos, <em>tablets<\/em>, celulares,<em> iPads<\/em>), especialmente v\u00eddeos com excesso de imagens e sons.<!--more--><\/p>\n<p style=\"text-align: justify;\">\u00c9 preocupante como assistimos a isso na ruas, no restaurante, no avi\u00e3o, no carro, em todo lugar que tem crian\u00e7a. E vejam que estou falando de beb\u00eas de um ou dois anos de idade, todas (ou a grande maioria) fazendo uso de <em>iPad<\/em> ou celulares modernos. Os adultos respons\u00e1veis por essas crian\u00e7as n\u00e3o percebem ou n\u00e3o acreditam que est\u00e3o fazendo mal aos seus filhos. No m\u00e1ximo, pensam que eles ser\u00e3o \u2018feras\u2019 no futuro por proporcionar a eles o acesso \u00e0s tecnologias.<\/p>\n<p style=\"text-align: justify;\">Isso reflete j\u00e1 o comportamento dos adultos que est\u00e3o ligados nos seus <em>smartfones<\/em> em todos os lugares. Essa mentalidade vai nos levar a uma grande transforma\u00e7\u00e3o de como n\u00f3s nos relacionamos e convivemos com os outros seres humanos. Acredito que viver e se relacionar somente se aprende na pr\u00e1tica, e hoje o que estamos praticando? Entre os adultos jovens j\u00e1 percebemos alguma dificuldade de se relacionarem uns com os outros, e nos futuros jovens tamb\u00e9m.<\/p>\n<p style=\"text-align: justify;\">\u00c9 atrav\u00e9s do uso desses dispositivos port\u00e1teis que t\u00eam crescido bastante o acesso de crian\u00e7as muito jovens \u00e0 tecnologia, de acordo com a entidade norte-americana <em>Common Sense Media<\/em>, que estuda as rela\u00e7\u00f5es das crian\u00e7as com o entretenimento. Ainda segundo a <em>Active Healthy Kids Canada<\/em> e <em>Kaiser Foundation<\/em>, hoje as crian\u00e7as e jovens usam a tecnologia com frequ\u00eancia quatro e at\u00e9 cinco vezes maior do que a recomendada, o que est\u00e1 resultando em consequ\u00eancias graves para a sa\u00fade.<\/p>\n<p style=\"text-align: justify;\">Tanto a Academia Americana de Pediatria, quanto a Sociedade Canadense de Pediatria, defende que beb\u00eas com idade entre 0 a 2 anos n\u00e3o devem ter qualquer exposi\u00e7\u00e3o \u00e0 tecnologia, enquanto que crian\u00e7as de 3 a 5 anos devem ter acesso restrito a uma hora, por dia apenas. J\u00e1 as crian\u00e7as de 6 a 18 anos devem ter acesso restrito a duas horas di\u00e1rias.<\/p>\n<p style=\"text-align: justify;\">No Jap\u00e3o e nos Estados Unidos, por exemplo, h\u00e1 pesquisas que comprovam a gravidade do uso constante de fones de ouvido para o aumento da perda auditiva entre os jovens. Calcula-se que o problema aumentou 30% entre os jovens norte-americanos, nas \u00faltimas tr\u00eas d\u00e9cadas. Segundo a Sociedade Brasileira de Otorrinolaringologia (SBORL), a exposi\u00e7\u00e3o a sons intensos \u00e9 a segunda maior causa de defici\u00eancia auditiva. E o excesso de barulho pode levar \u00e0 surdez, ao longo do tempo.<\/p>\n<p style=\"text-align: justify;\">Ao inv\u00e9s de termos as crian\u00e7as utilizando esses equipamentos port\u00e1teis no seu dia a dia, no carro ou no caminho para a escola, os pais deveriam aproveitar e utilizar esses momentos para o di\u00e1logo, troca de ideias e conversas que possam colaborar com a constru\u00e7\u00e3o saud\u00e1vel da personalidade da crian\u00e7a. S\u00e3o algumas oportunidades importantes na rotina das fam\u00edlias &#8211; para n\u00e3o dizer \u00fanicas &#8211; que desperdi\u00e7amos ao colocar a crian\u00e7a para ver um filme ou desenho no <em>iPad<\/em>.<\/p>\n<p style=\"text-align: justify;\">Depois, anos mais tarde, os pais reclamam que seu filho n\u00e3o conversa e se fecha. N\u00e3o entendem por que o filho n\u00e3o reconhece o pai ou a m\u00e3e como pessoas importantes e que poder\u00e3o ajud\u00e1-lo nos momentos dif\u00edceis.<\/p>\n<p style=\"text-align: justify;\">Os pais precisam urgentemente rever essa superexposi\u00e7\u00e3o das crian\u00e7as \u00e0s tecnologias e imagens, caso contr\u00e1rio ela trar\u00e1 preju\u00edzos incalcul\u00e1veis para o desempenho escolar dos filhos, e no futuro, para a vida pessoal e profissional desse adulto.<\/p>\n<p style=\"text-align: justify;\"><em><strong>Ademar Batista Pereira<\/strong> \u00e9 diretor da Escola Atua\u00e7\u00e3o, diretor de Planejamento do Sinepe\/PR e presidente da FEPEsul (Federa\u00e7\u00e3o dos Estabelecimentos Particulares de Ensino da Regi\u00e3o Sul).<\/em><\/p>\n","protected":false},"excerpt":{"rendered":"<p>A grande evolu\u00e7\u00e3o da tecnologia e a consequente acessibilidade a todos pelo pre\u00e7o e facilidade de aquisi\u00e7\u00e3o desses aparatos tecnol\u00f3gicos est\u00e1 levando as fam\u00edlias a n\u00e3o perceberem a dimens\u00e3o da exposi\u00e7\u00e3o das crian\u00e7as, desde rec\u00e9m-nascidas, a esses dispositivos port\u00e1teis (jogos eletr\u00f4nicos, tablets, celulares, iPads), especialmente v\u00eddeos com excesso de imagens e sons.<\/p>\n","protected":false},"author":2,"featured_media":0,"comment_status":"open","ping_status":"open","sticky":false,"template":"","format":"standard","meta":{"footnotes":""},"categories":[2],"tags":[],"_links":{"self":[{"href":"https:\/\/esominhaopiniao.com.br\/index.php?rest_route=\/wp\/v2\/posts\/172"}],"collection":[{"href":"https:\/\/esominhaopiniao.com.br\/index.php?rest_route=\/wp\/v2\/posts"}],"about":[{"href":"https:\/\/esominhaopiniao.com.br\/index.php?rest_route=\/wp\/v2\/types\/post"}],"author":[{"embeddable":true,"href":"https:\/\/esominhaopiniao.com.br\/index.php?rest_route=\/wp\/v2\/users\/2"}],"replies":[{"embeddable":true,"href":"https:\/\/esominhaopiniao.com.br\/index.php?rest_route=%2Fwp%2Fv2%2Fcomments&post=172"}],"version-history":[{"count":0,"href":"https:\/\/esominhaopiniao.com.br\/index.php?rest_route=\/wp\/v2\/posts\/172\/revisions"}],"wp:attachment":[{"href":"https:\/\/esominhaopiniao.com.br\/index.php?rest_route=%2Fwp%2Fv2%2Fmedia&parent=172"}],"wp:term":[{"taxonomy":"category","embeddable":true,"href":"https:\/\/esominhaopiniao.com.br\/index.php?rest_route=%2Fwp%2Fv2%2Fcategories&post=172"},{"taxonomy":"post_tag","embeddable":true,"href":"https:\/\/esominhaopiniao.com.br\/index.php?rest_route=%2Fwp%2Fv2%2Ftags&post=172"}],"curies":[{"name":"wp","href":"https:\/\/api.w.org\/{rel}","templated":true}]}}