{"id":163,"date":"2014-07-18T20:21:22","date_gmt":"2014-07-18T20:21:22","guid":{"rendered":"http:\/\/esominhaopiniao.com.br\/?p=163"},"modified":"2014-07-18T20:21:22","modified_gmt":"2014-07-18T20:21:22","slug":"deus-e-brasileiro-sim","status":"publish","type":"post","link":"https:\/\/esominhaopiniao.com.br\/?p=163","title":{"rendered":"Deus \u00e9 brasileiro, sim!"},"content":{"rendered":"<p style=\"text-align: justify;\">A equipe de futebol da Alemanha, apesar de jogarem juntos h\u00e1 seis anos, n\u00e3o \u00e9 essa coisa toda: empatou com Gana, penou para ganhar dos EUA e da Fran\u00e7a, e s\u00f3 ganhou da Arg\u00e9lia na prorroga\u00e7\u00e3o. Sofreu para ganhar do time argentino, e s\u00f3 n\u00e3o perdeu porque os <em>hermanos<\/em> erraram 3 gols imperd\u00edveis. Mas nos humilhou quando o dedo de Deus fez tudo dar certo, chutes certeiros, passes quase perfeitos, mas n\u00e3o interceptados, falhas infantis dos nossos, inacredit\u00e1veis tr\u00eas gols em seis minutos. No segundo tempo praticamente n\u00e3o chutaram a gol, culminando sua obra com o s\u00e9timo gol em que o atacante chutou sem olhar para o gol e a bola entrou na gaveta, indefens\u00e1vel!<!--more--><\/p>\n<p style=\"text-align: justify;\">Ao contr\u00e1rio do Brasil, os alem\u00e3es superam a falta das habilidades dos jogadores brasileiros com organiza\u00e7\u00e3o, seriedade, frieza e trabalho de continuidade. Ou seja, fizeram no futebol como fizeram em seu pa\u00eds, que perdeu duas guerras em 30 anos, e n\u00e3o preciso citar as diferen\u00e7as de desenvolvimento e condi\u00e7\u00f5es de vida e seriedade entre a Alemanha e o Brasil.<\/p>\n<p style=\"text-align: justify;\">Mas a nossa humilhante derrota para a sele\u00e7\u00e3o alem\u00e3 \u00e9 a demonstra\u00e7\u00e3o que Deus \u00e9 brasileiro, pois somente ou talvez assim acordemos e percebamos que essa terra da corrup\u00e7\u00e3o, da superficialidade, das fanfarronadas, do oba-oba, do \u201cmelhor do mundo\u201d, da falta de seriedade, do patriotismo apenas no futebol, \u00e9 o espelho do que a sele\u00e7\u00e3o foi para o pa\u00eds: desorganizada, mal convocada, mal escalada, sem rea\u00e7\u00e3o. Uma sele\u00e7\u00e3o comandada pelas figuras de sempre, e sempre prontas a aceitar uma boquinha, e que confundimos cidad\u00e3o com torcedor, que aceitamos como normal quando um jogador fala, \u201ceu s\u00f3 queria levar alegria para meu povo\u201d ou deveria dizer \u201calegria para nossos torcedores\u201d.<\/p>\n<p style=\"text-align: justify;\">Deus \u00e9 brasileiro, pois talvez acordemos desse ber\u00e7o espl\u00eandido e percebamos que:<\/p>\n<p style=\"text-align: justify;\">N\u00e3o \u00e9 aceit\u00e1vel, a presidente, por um minuto de propaganda na TV, se abaixar perante um partido dominado por um presidi\u00e1rio, e destituir um ministro \u2013 dos cerca de 40! &#8211; para nomear outro, daquele partido, e o pol\u00edtico demitido, vergonhosamente, aceitar um cargo menor, s\u00f3 para manter a boquinha.<\/p>\n<p style=\"text-align: justify;\">N\u00e3o \u00e9 aceit\u00e1vel, o ex-presidente Lula, no Par\u00e1, apoiar a candidatura de filho do not\u00f3rio, fotografado algemado e dono do ran\u00e1rio, dizer que o filho, candidato a governador, tem muito que se orgulhar do pai.<\/p>\n<p style=\"text-align: justify;\">N\u00e3o \u00e9 aceit\u00e1vel, o candidato petista ao governo de S\u00e3o Paulo, em programa de TV, n\u00e3o responder \u00e0s perguntas dos jornalistas, entre elas \u201cse considerava Cuba uma democracia&#8230;\u201d.<\/p>\n<p style=\"text-align: justify;\">N\u00e3o \u00e9 aceit\u00e1vel, um ex-governador, corrupto, filmado recebendo ma\u00e7o de dinheiro, em cena passada e reprisada na TV, consegue driblar essa leniente Justi\u00e7a, se candidatar de novo a governador e, pasmem, estar \u00e0 frente nas pesquisas!<\/p>\n<p style=\"text-align: justify;\">N\u00e3o \u00e9 compreens\u00edvel, que continuemos a eleger os not\u00f3rios Collor, Renan, Barbalho, Sarney e seus herdeiros, a vida toda usando do dinheiro p\u00fablico, legal e ilegal?<\/p>\n<p style=\"text-align: justify;\">N\u00e3o \u00e9 aceit\u00e1vel, que choremos por num simples esporte, em que o normal \u00e9 ganhar e perder, cujos her\u00f3is s\u00e3o jogadores de futebol, alguns riqu\u00edssimos e badalados, com milhares de seguidores em m\u00eddias sociais, lan\u00e7adores de moda que desafiam os bons costumes, de cabelos, tatuagens, roupas e brincos que desafiam o senso comum, estimulam a rebeldia e a transgress\u00e3o, e considerar ou deixar que sejam modelos para nossa juventude.<\/p>\n<p style=\"text-align: justify;\">N\u00e3o \u00e9 aceit\u00e1vel que apesar de todo o improviso, dos milh\u00f5es desperdi\u00e7ados nas obras superfaturadas, dos elefantes brancos, das maquiagens e obras n\u00e3o acabadas, que aceitemos a avalia\u00e7\u00e3o do governo que tivemos a Copa das Copas. Precisamos sim, aproveitar o momento de discuss\u00e3o que as elei\u00e7\u00f5es trazem para voltarmos as ruas, sem quebradeira, mas demonstrar que n\u00e3o queremos mais isso. Que o \u201cpseudo sucesso\u201d da Copa foi um grande esfor\u00e7o dos brasileiros, que foi pela j\u00e1 conhecida hospitalidade dos brasileiros e a imagem que os turistas tiveram n\u00e3o tem nada com esse ou aquele governo, pois apesar dele, continuamos sendo brasileiros, e precisamos de mudan\u00e7as na lei dos partidos para obrig\u00e1-los a ter elei\u00e7\u00f5es e com isso acabar com os donos dos partidos, e precisamos de voto distrital para elegermos os nossos legisladores e representantes.<\/p>\n<p style=\"text-align: justify;\">Precisamos avan\u00e7ar e para isso nada como a democracia e a possibilidade de altern\u00e2ncia do poder, e na pior das hip\u00f3teses, o momento dos pol\u00edticos explicarem muitas vezes o inexplic\u00e1vel.<\/p>\n<p style=\"text-align: justify;\">Se aprendermos a li\u00e7\u00e3o, talvez compense no futuro, pois a chaga permanecer\u00e1 aberta, purgando, e ser\u00e1, para sempre, motivo de vergonha e dor e de chacota alien\u00edgena. Nossos <em>hermanos<\/em> n\u00e3o mais precisar\u00e3o cantar que Maradona \u00e9 melhor do que Pel\u00e9. Bastar\u00e1 um simples e ensurdecedor cartaz de 7X1!!<\/p>\n<p style=\"text-align: justify;\">E essa chaga, da mesma forma, colar\u00e1, para sempre, como tatuagem, nesse petismo, uma chancela de seu irrespons\u00e1vel, populista e impatri\u00f3tico mandato! Mas se aprendermos valer\u00e1 a pena!<\/p>\n<p style=\"text-align: right;\"><strong><em>Ademar Batista Pereira \u2013 <\/em><\/strong><em>membro da comitiva estadual do Partido Verde (PV\/PR).<\/em><\/p>\n","protected":false},"excerpt":{"rendered":"<p>A equipe de futebol da Alemanha, apesar de jogarem juntos h\u00e1 seis anos, n\u00e3o \u00e9 essa coisa toda: empatou com Gana, penou para ganhar dos EUA e da Fran\u00e7a, e s\u00f3 ganhou da Arg\u00e9lia na prorroga\u00e7\u00e3o. Sofreu para ganhar do time argentino, e s\u00f3 n\u00e3o perdeu porque os hermanos erraram 3 gols imperd\u00edveis. Mas nos [&hellip;]<\/p>\n","protected":false},"author":2,"featured_media":0,"comment_status":"open","ping_status":"open","sticky":false,"template":"","format":"standard","meta":{"footnotes":""},"categories":[2],"tags":[],"_links":{"self":[{"href":"https:\/\/esominhaopiniao.com.br\/index.php?rest_route=\/wp\/v2\/posts\/163"}],"collection":[{"href":"https:\/\/esominhaopiniao.com.br\/index.php?rest_route=\/wp\/v2\/posts"}],"about":[{"href":"https:\/\/esominhaopiniao.com.br\/index.php?rest_route=\/wp\/v2\/types\/post"}],"author":[{"embeddable":true,"href":"https:\/\/esominhaopiniao.com.br\/index.php?rest_route=\/wp\/v2\/users\/2"}],"replies":[{"embeddable":true,"href":"https:\/\/esominhaopiniao.com.br\/index.php?rest_route=%2Fwp%2Fv2%2Fcomments&post=163"}],"version-history":[{"count":0,"href":"https:\/\/esominhaopiniao.com.br\/index.php?rest_route=\/wp\/v2\/posts\/163\/revisions"}],"wp:attachment":[{"href":"https:\/\/esominhaopiniao.com.br\/index.php?rest_route=%2Fwp%2Fv2%2Fmedia&parent=163"}],"wp:term":[{"taxonomy":"category","embeddable":true,"href":"https:\/\/esominhaopiniao.com.br\/index.php?rest_route=%2Fwp%2Fv2%2Fcategories&post=163"},{"taxonomy":"post_tag","embeddable":true,"href":"https:\/\/esominhaopiniao.com.br\/index.php?rest_route=%2Fwp%2Fv2%2Ftags&post=163"}],"curies":[{"name":"wp","href":"https:\/\/api.w.org\/{rel}","templated":true}]}}