{"id":156,"date":"2014-06-27T20:49:09","date_gmt":"2014-06-27T20:49:09","guid":{"rendered":"http:\/\/esominhaopiniao.com.br\/?p=156"},"modified":"2014-06-27T20:49:09","modified_gmt":"2014-06-27T20:49:09","slug":"nossa-mentalidade-nao-e-coletiva-somos-um-povo-individualista","status":"publish","type":"post","link":"https:\/\/esominhaopiniao.com.br\/?p=156","title":{"rendered":"Nossa mentalidade n\u00e3o \u00e9 coletiva, somos um povo individualista"},"content":{"rendered":"<p style=\"text-align: justify;\">Observando como s\u00e3o organizadas as nossas institui\u00e7\u00f5es e o comportamento do brasileiro em rela\u00e7\u00e3o a elas posso afirmar: somos individualistas. Numa breve an\u00e1lise \u00e9 poss\u00edvel perceber o quanto n\u00e3o nos envolvemos em rela\u00e7\u00e3o a assuntos coletivos. Normalmente, n\u00e3o participamos de reuni\u00e3o de condom\u00ednio ou de associa\u00e7\u00e3o de bairro, e quando nos dispomos a participar logo queremos ser l\u00edderes. Se os demais n\u00e3o concordam conosco, fundamos a nossa pr\u00f3pria associa\u00e7\u00e3o. Indo um pouco mais fundo, percebemos que a maior parte dos brasileiros n\u00e3o est\u00e1 nem a\u00ed em rela\u00e7\u00e3o a pol\u00edtica, seja ela no n\u00edvel que for. Entendemos que votando j\u00e1 fizemos a nossa parte. Claro que isso \u00e9 bem explorado pela classe dominante, dos pol\u00edticos.<!--more--><\/p>\n<p style=\"text-align: justify;\">Como regra geral, podemos dizer que n\u00e3o tiramos tempo para muita coisa al\u00e9m de trabalhar, ir a festas e ficar com a fam\u00edlia. Em rela\u00e7\u00e3o a pol\u00edtica nos contentamos em pensar que \u00e9 assunto para gente que n\u00e3o \u00e9 s\u00e9ria, ou para figuras p\u00fablicas &#8220;conhecidas&#8221;. Podemos citar ainda como nos comportamos em rela\u00e7\u00e3o \u00e0s pra\u00e7as, parques, ruas, etc. Em geral, as pessoas n\u00e3o cuidam nem do seu pr\u00f3prio quintal, quem dir\u00e1 cuidar dos espa\u00e7os coletivos. Pois temos uma vis\u00e3o que o p\u00fablico n\u00e3o \u00e9 de ningu\u00e9m, ou \u00e9 o governo que tem a fun\u00e7\u00e3o de cuidar. E essa vis\u00e3o vem se expandindo para outros campos. A percep\u00e7\u00e3o \u00e9 que a cada dia precisamos menos do outro, pois temos o nosso pr\u00f3prio carro, nossa tv, nossa comida. Neste contexto, acredito que estamos criando nossas crian\u00e7as de maneira pior, pois al\u00e9m de eles n\u00e3o precisarem de ningu\u00e9m, os estamos educando sem dificuldades, sem contrari\u00e1-los, o que nos leva a sentir desde j\u00e1 como est\u00e1 se configurando a pr\u00f3xima gera\u00e7\u00e3o: com pessoas individualistas e ego\u00edstas, ou seja, que pensam que o mundo est\u00e1 a seu servi\u00e7o.<\/p>\n<p style=\"text-align: justify;\">Os governantes percebem isso e se organizam para manter-se no poder juntamente a seus familiares e conhecidos. Vejam como funcionam os partidos pol\u00edticos: sem exce\u00e7\u00e3o todos tem dono, sem rotatividade de dire\u00e7\u00e3o. A maioria dos partidos s\u00e3o comandados por &#8220;caciques&#8221; locais, regionais ou nacionais, com forte amarra\u00e7\u00e3o entre as inst\u00e2ncias.\u00a0 No Brasil, os partidos s\u00e3o organizados de cima para baixo, quando deveria ser o contr\u00e1rio, deveria ser organizado localmente, regionalmente e depois nacionalmente.<\/p>\n<p style=\"text-align: justify;\">Como cidad\u00e3os, esperamos que algu\u00e9m resolva nossos problemas, quando o tivermos. Se num momento n\u00e3o temos problema, temos emprego, estamos com as contas em dia, n\u00e3o participamos de nada, nem queremos saber do condom\u00ednio, ou do local onde vivemos. Mas, basta ter um problema que buscamos nossos &#8220;direitos&#8221;. Com essa mentalidade individualista pensamos que o nosso voto &#8220;\u00fanico&#8221; \u00e9 grande coisa, mas quantos votos s\u00e3o necess\u00e1rios para eleger um vereador, um deputado estadual ou federal, e como ele pode ser conquistado? Pensamos que \u00e9 poss\u00edvel um candidato falar com 20 mil pessoas, por exemplo, se for candidato em uma capital, e mais, falar, se comprometer com o que cada um pensa, e depois de eleito conversar com cada um.<\/p>\n<p style=\"text-align: justify;\">Por que voc\u00ea acha que temos essa forma de voto, \u00fanica, obrigat\u00f3ria e direta, por que \u00e9 bom para o pa\u00eds? Ou por que \u00e9 bom para os pol\u00edticos? Por que voc\u00ea acha que a renova\u00e7\u00e3o \u00e9 sempre pequena, e quase imposs\u00edvel algu\u00e9m fora do mundo pol\u00edtico ser eleito? Quando h\u00e1 renova\u00e7\u00e3o \u00e9 sempre ou filho ou parente de algum pol\u00edtico, ou algu\u00e9m com carreira pol\u00edtica que foi vereador v\u00e1rios mandatos, depois deputado, e vai virando um profissional na pol\u00edtica.<\/p>\n<p style=\"text-align: justify;\">A desculpa e justificativa que aceitamos \u00e9 que o povo n\u00e3o sabe votar. E, o povo &#8211; voc\u00ea deve concordar &#8211; \u00e9 muita gente. Nunca dizemos: \u201ceu n\u00e3o sei votar\u201d, \u201ceu n\u00e3o participo politicamente\u201d. Ou seja, com nossa mentalidade individualista, os outros, ou o coletivo \u00e9 o culpado pelas mazelas e fraquezas. Vou ainda mais longe, a culpa \u00e9 do modelo, modelo de organiza\u00e7\u00e3o social, que como poucos participam, nada precisa ser explicado. Assim o poder se mant\u00e9m entre os mesmo de sempre e quando tem rotatividade \u00e9 sempre entre os mesmos grupos, variando apenas os cargos. Isso pode ser observado em todas as institui\u00e7\u00f5es e sindicatos existentes no Brasil, desde o condom\u00ednio do pr\u00e9dio at\u00e9 o partido pol\u00edtico.<\/p>\n<p style=\"text-align: justify;\"><em><strong>Ademar Batista Pereira<\/strong> \u2013 presidente da FEPEsul (Federa\u00e7\u00e3o dos Estabelecimentos Particulares de Ensino da Regi\u00e3o Sul), membro da Executiva Estadual do PV e articulista do site www.esominhaopiniao.com.br.<\/em><\/p>\n","protected":false},"excerpt":{"rendered":"<p>Observando como s\u00e3o organizadas as nossas institui\u00e7\u00f5es e o comportamento do brasileiro em rela\u00e7\u00e3o a elas posso afirmar: somos individualistas. Numa breve an\u00e1lise \u00e9 poss\u00edvel perceber o quanto n\u00e3o nos envolvemos em rela\u00e7\u00e3o a assuntos coletivos. Normalmente, n\u00e3o participamos de reuni\u00e3o de condom\u00ednio ou de associa\u00e7\u00e3o de bairro, e quando nos dispomos a participar logo [&hellip;]<\/p>\n","protected":false},"author":2,"featured_media":0,"comment_status":"open","ping_status":"open","sticky":false,"template":"","format":"standard","meta":{"footnotes":""},"categories":[2],"tags":[],"_links":{"self":[{"href":"https:\/\/esominhaopiniao.com.br\/index.php?rest_route=\/wp\/v2\/posts\/156"}],"collection":[{"href":"https:\/\/esominhaopiniao.com.br\/index.php?rest_route=\/wp\/v2\/posts"}],"about":[{"href":"https:\/\/esominhaopiniao.com.br\/index.php?rest_route=\/wp\/v2\/types\/post"}],"author":[{"embeddable":true,"href":"https:\/\/esominhaopiniao.com.br\/index.php?rest_route=\/wp\/v2\/users\/2"}],"replies":[{"embeddable":true,"href":"https:\/\/esominhaopiniao.com.br\/index.php?rest_route=%2Fwp%2Fv2%2Fcomments&post=156"}],"version-history":[{"count":0,"href":"https:\/\/esominhaopiniao.com.br\/index.php?rest_route=\/wp\/v2\/posts\/156\/revisions"}],"wp:attachment":[{"href":"https:\/\/esominhaopiniao.com.br\/index.php?rest_route=%2Fwp%2Fv2%2Fmedia&parent=156"}],"wp:term":[{"taxonomy":"category","embeddable":true,"href":"https:\/\/esominhaopiniao.com.br\/index.php?rest_route=%2Fwp%2Fv2%2Fcategories&post=156"},{"taxonomy":"post_tag","embeddable":true,"href":"https:\/\/esominhaopiniao.com.br\/index.php?rest_route=%2Fwp%2Fv2%2Ftags&post=156"}],"curies":[{"name":"wp","href":"https:\/\/api.w.org\/{rel}","templated":true}]}}