{"id":145,"date":"2014-05-09T21:36:17","date_gmt":"2014-05-09T21:36:17","guid":{"rendered":"http:\/\/esominhaopiniao.com.br\/?p=145"},"modified":"2014-05-09T21:36:17","modified_gmt":"2014-05-09T21:36:17","slug":"a-falta-que-o-merito-faz","status":"publish","type":"post","link":"https:\/\/esominhaopiniao.com.br\/?p=145","title":{"rendered":"A falta que o m\u00e9rito faz!"},"content":{"rendered":"<p style=\"text-align: justify;\">Vivemos um momento preocupante em que prega-se o crescimento sustent\u00e1vel, e, por sustent\u00e1vel entendo algo duradouro, mas na verdade o que temos s\u00e3o dados conflitantes.<\/p>\n<p style=\"text-align: justify;\">Temos a menor taxa de desemprego dos \u00faltimos tempos e nunca gastamos tanto com seguro desemprego! Sa\u00edmos de um or\u00e7amento de algo como R$ 10 bilh\u00f5es para R$ 50 bilh\u00f5es nos \u00faltimos 10 anos para arcar com o seguro desemprego. E tudo isso porque as pessoas t\u00eam o direito de se apropriar de um dinheiro e ficar sem trabalhar por algum tempo. Com isso, onde fica o m\u00e9rito de trabalhar e crescer por meio do esfor\u00e7o e dedica\u00e7\u00e3o?<!--more--><\/p>\n<p style=\"text-align: justify;\">O crescimento da economia brasileira foi muito abaixo dos pa\u00edses em desenvolvimento. A maior justificativa \u00e9 o baixo investimento em infraestrutura e o mau uso dos investimentos em educa\u00e7\u00e3o.<\/p>\n<p style=\"text-align: justify;\">Somente no Brasil \u00e9 poss\u00edvel que pessoas se aposentem aos 50 anos de idade, pois contribu\u00edram com o INSS por 35 anos ou menos. Aos 50, muitos continuam trabalhando normalmente e recebendo a aposentaria, onerando assim o sistema.<\/p>\n<p style=\"text-align: justify;\">Nas escolas temos as aprova\u00e7\u00f5es autom\u00e1ticas, mesmo que as crian\u00e7as n\u00e3o aprendam. Os professores aprovam seus alunos sem pestanejar, pois caso contr\u00e1rio a Justi\u00e7a os obrigar\u00e1 a tomar esta atitude.<\/p>\n<p style=\"text-align: justify;\">Por outro lado, temos salas de aulas com crian\u00e7as de 12 anos convivendo com um jovem de 17 anos que j\u00e1 tem diversas passagens pela pol\u00edcia. Mesmo assim ele tem o direito de estudar, mesmo que isso leve a turma toda a ter problemas de aprendizado ou de outro g\u00eanero. No Brasil \u00e9 assim, um delinquente tem direitos at\u00e9 melhores que outro cidad\u00e3o comum.<\/p>\n<p style=\"text-align: justify;\">Somente no Brasil temos feriados nacionais, religiosos e municipais. Institui-se esses feriados para atender segmentos ou grupos de direitos, afinal trabalhar n\u00e3o \u00e9 considerado um m\u00e9rito.<\/p>\n<p style=\"text-align: justify;\">Estamos no pa\u00eds das \u2018bolsas\u2019, onde o assassino de um trabalhador ao ser preso recebe bolsa reclus\u00e3o, enquanto a fam\u00edlia da v\u00edtima nada recebe. A \u00faltima \u2018bolsa\u2019 sa\u00edda diretamente de Bras\u00edlia \u00e9 a do ensino m\u00e9dio. A justificativa de sua cria\u00e7\u00e3o \u00e9 que os alunos precisam de dinheiro para estudar, ou seria a compra dia votos dos jovens de mais de 16 anos?<\/p>\n<p style=\"text-align: justify;\">Precisando urgentemente retomar o m\u00e9rito como princ\u00edpio de crescimento e desenvolvimento. Princ\u00edpio que preza que todos tenham as mesmas oportunidades e que ven\u00e7a o melhor, caso contr\u00e1rio corremos o risco de eternizarmos a m\u00e1xima de Brasil: o gigante adormecido. Adormecido nos direitos, na pregui\u00e7a, na ociosidade e na incompet\u00eancia.<\/p>\n<p style=\"text-align: right;\"><em><strong>Ademar Batista Pereira<\/strong> \u2013 membro da executiva estadual do PV.<\/em><\/p>\n","protected":false},"excerpt":{"rendered":"<p>Vivemos um momento preocupante em que prega-se o crescimento sustent\u00e1vel, e, por sustent\u00e1vel entendo algo duradouro, mas na verdade o que temos s\u00e3o dados conflitantes. Temos a menor taxa de desemprego dos \u00faltimos tempos e nunca gastamos tanto com seguro desemprego! Sa\u00edmos de um or\u00e7amento de algo como R$ 10 bilh\u00f5es para R$ 50 bilh\u00f5es [&hellip;]<\/p>\n","protected":false},"author":2,"featured_media":0,"comment_status":"open","ping_status":"open","sticky":false,"template":"","format":"standard","meta":{"footnotes":""},"categories":[2],"tags":[],"_links":{"self":[{"href":"https:\/\/esominhaopiniao.com.br\/index.php?rest_route=\/wp\/v2\/posts\/145"}],"collection":[{"href":"https:\/\/esominhaopiniao.com.br\/index.php?rest_route=\/wp\/v2\/posts"}],"about":[{"href":"https:\/\/esominhaopiniao.com.br\/index.php?rest_route=\/wp\/v2\/types\/post"}],"author":[{"embeddable":true,"href":"https:\/\/esominhaopiniao.com.br\/index.php?rest_route=\/wp\/v2\/users\/2"}],"replies":[{"embeddable":true,"href":"https:\/\/esominhaopiniao.com.br\/index.php?rest_route=%2Fwp%2Fv2%2Fcomments&post=145"}],"version-history":[{"count":0,"href":"https:\/\/esominhaopiniao.com.br\/index.php?rest_route=\/wp\/v2\/posts\/145\/revisions"}],"wp:attachment":[{"href":"https:\/\/esominhaopiniao.com.br\/index.php?rest_route=%2Fwp%2Fv2%2Fmedia&parent=145"}],"wp:term":[{"taxonomy":"category","embeddable":true,"href":"https:\/\/esominhaopiniao.com.br\/index.php?rest_route=%2Fwp%2Fv2%2Fcategories&post=145"},{"taxonomy":"post_tag","embeddable":true,"href":"https:\/\/esominhaopiniao.com.br\/index.php?rest_route=%2Fwp%2Fv2%2Ftags&post=145"}],"curies":[{"name":"wp","href":"https:\/\/api.w.org\/{rel}","templated":true}]}}