{"id":135,"date":"2014-04-25T20:00:12","date_gmt":"2014-04-25T20:00:12","guid":{"rendered":"http:\/\/esominhaopiniao.com.br\/?p=135"},"modified":"2014-04-25T20:00:12","modified_gmt":"2014-04-25T20:00:12","slug":"ensino-medio-a-evasao-e-suas-causas","status":"publish","type":"post","link":"https:\/\/esominhaopiniao.com.br\/?p=135","title":{"rendered":"Ensino M\u00e9dio, a Evas\u00e3o e suas Causas"},"content":{"rendered":"<p style=\"text-align: justify;\">Muito tem se discutido nos \u00faltimos anos sobre o Ensino M\u00e9dio, mas no meu entender a raiz do problema ainda n\u00e3o foi discutida. A Educa\u00e7\u00e3o \u00e9 um processo, como uma linha de montagem. Em cada etapa o ser humano vai agregando uma &#8220;pe\u00e7a&#8221; ou &#8220;parte&#8221; e isso acontece em maior intensidade quando somos crian\u00e7as e jovens, pois sempre estamos aprendendo. A Escola \u00e9 uma institui\u00e7\u00e3o determinante nesse processo, especialmente na constru\u00e7\u00e3o das condi\u00e7\u00f5es para o aprendizado formal.<!--more--><\/p>\n<p style=\"text-align: justify;\">Neste sentido, o Ensino M\u00e9dio deve ser tratado como uma etapa da constru\u00e7\u00e3o do conhecimento, prescindida de outras que devem ser bem executadas. Portanto, antes de discutir o curr\u00edculo, o que interessa aos alunos, as condi\u00e7\u00f5es de trabalho e a infraestrutura, precisamos entender e verificar como estamos preparando a base desses jovens nas etapas anteriores ao Ensino M\u00e9dio, pois seguramente o maior problema est\u00e1 na base, nas etapas iniciais do desenvolvimento escolar humano.<\/p>\n<p style=\"text-align: justify;\">Vou me ater apenas \u00e0 educa\u00e7\u00e3o escolar, pois educar \u00e9 muito mais que frequentar a escola. Segundo o portal Todos pela Educa\u00e7\u00e3o, 60% dos alunos chegam a segunda etapa do Ensino Fundamental (6.\u00ba ano) sem o aprendizado adequado em portugu\u00eas e 64% em matem\u00e1tica, portanto s\u00e3o os chamados analfabetos funcionais.<\/p>\n<p style=\"text-align: justify;\">Desta imensa massa, mais da metade j\u00e1 abandona a escola antes do Ensino M\u00e9dio, mas em geral s\u00e3o empurrados para as s\u00e9ries seguintes. Isto acontece porque a primeira etapa do Ensino Fundamental, com suas escolas municipais, n\u00e3o ensina o b\u00e1sico: ler, escrever e fazer contas. As muitas discuss\u00f5es que fazemos da primeira etapa do Ensino Fundamental limitam-se a mais recursos, melhor infraestrutura e maior sal\u00e1rio aos professores. A verdadeira discuss\u00e3o deveria ser como fazer melhor com os recursos que temos, pois todo bom educador sabe que para ensinar uma crian\u00e7a a ler, escrever e fazer contas n\u00e3o s\u00e3o necess\u00e1rios muitos recursos.<\/p>\n<p style=\"text-align: justify;\">Ent\u00e3o, a verdadeira discuss\u00e3o do Ensino M\u00e9dio deve obrigatoriamente passar por fazer bem as primeiras etapas. Outra sugest\u00e3o seria observar como a escola particular consegue n\u00e3o ter evas\u00e3o em todo o processo de Ensino B\u00e1sico, e mesmo com todos os problemas e curr\u00edculo, expectativa dos jovens e objetivo que se d\u00e1 ao Ensino M\u00e9dio, seus resultados s\u00e3o muito superiores em rela\u00e7\u00e3o \u00e0 m\u00e9dia brasileira, com isso talvez a discuss\u00e3o fique mais real e focada. N\u00e3o posso negar que o Ensino M\u00e9dio atual foi transformado em um rito de passagem, o que n\u00e3o \u00e9 diferente em outras partes do mundo, pois quando ensinamos todos a ler, escrever e fazer contas no momento certo, as pessoas podem buscar o conhecimento no mundo da informa\u00e7\u00e3o.<\/p>\n<p style=\"text-align: right;\"><b><i>Ademar Batista Pereira<\/i><\/b><i> \u2013 presidente da FEPEsul (Federa\u00e7\u00e3o dos Estabelecimentos Particulares de Ensino da Regi\u00e3o Sul), membro da Executiva Estadual do PV e articulista do site www.esominhaopiniao.com.br.<\/i><\/p>\n<p style=\"text-align: justify;\">\n","protected":false},"excerpt":{"rendered":"<p>Muito tem se discutido nos \u00faltimos anos sobre o Ensino M\u00e9dio, mas no meu entender a raiz do problema ainda n\u00e3o foi discutida. A Educa\u00e7\u00e3o \u00e9 um processo, como uma linha de montagem. Em cada etapa o ser humano vai agregando uma &#8220;pe\u00e7a&#8221; ou &#8220;parte&#8221; e isso acontece em maior intensidade quando somos crian\u00e7as e [&hellip;]<\/p>\n","protected":false},"author":2,"featured_media":0,"comment_status":"open","ping_status":"open","sticky":false,"template":"","format":"standard","meta":{"footnotes":""},"categories":[2],"tags":[],"_links":{"self":[{"href":"https:\/\/esominhaopiniao.com.br\/index.php?rest_route=\/wp\/v2\/posts\/135"}],"collection":[{"href":"https:\/\/esominhaopiniao.com.br\/index.php?rest_route=\/wp\/v2\/posts"}],"about":[{"href":"https:\/\/esominhaopiniao.com.br\/index.php?rest_route=\/wp\/v2\/types\/post"}],"author":[{"embeddable":true,"href":"https:\/\/esominhaopiniao.com.br\/index.php?rest_route=\/wp\/v2\/users\/2"}],"replies":[{"embeddable":true,"href":"https:\/\/esominhaopiniao.com.br\/index.php?rest_route=%2Fwp%2Fv2%2Fcomments&post=135"}],"version-history":[{"count":0,"href":"https:\/\/esominhaopiniao.com.br\/index.php?rest_route=\/wp\/v2\/posts\/135\/revisions"}],"wp:attachment":[{"href":"https:\/\/esominhaopiniao.com.br\/index.php?rest_route=%2Fwp%2Fv2%2Fmedia&parent=135"}],"wp:term":[{"taxonomy":"category","embeddable":true,"href":"https:\/\/esominhaopiniao.com.br\/index.php?rest_route=%2Fwp%2Fv2%2Fcategories&post=135"},{"taxonomy":"post_tag","embeddable":true,"href":"https:\/\/esominhaopiniao.com.br\/index.php?rest_route=%2Fwp%2Fv2%2Ftags&post=135"}],"curies":[{"name":"wp","href":"https:\/\/api.w.org\/{rel}","templated":true}]}}