{"id":120,"date":"2014-03-14T20:24:05","date_gmt":"2014-03-14T20:24:05","guid":{"rendered":"http:\/\/esominhaopiniao.com.br\/?p=120"},"modified":"2014-03-14T20:24:05","modified_gmt":"2014-03-14T20:24:05","slug":"por-que-temos-tantas-farmacias-e-igrejas-no-brasil","status":"publish","type":"post","link":"https:\/\/esominhaopiniao.com.br\/?p=120","title":{"rendered":"Por que temos tantas farm\u00e1cias e igrejas no Brasil?"},"content":{"rendered":"<p style=\"text-align: justify;\">Quem j\u00e1 teve a oportunidade de viajar para outros pa\u00edses, seja Europa, Estados Unidos e \u00c1sia vai perceber que n\u00e3o se v\u00ea em parte nenhuma do mundo tantas farm\u00e1cias e igrejas. Ser\u00e1 que o brasileiro \u00e9 mais religioso e mais doente do que os outros povos? Claro que n\u00e3o! Somos mais individualistas e imediatistas do que os outros povos, vejamos:<!--more--><\/p>\n<p style=\"text-align: justify;\">a) Pela nossa mentalidade, se n\u00e3o concordamos com um partido pol\u00edtico, queremos fundar o nosso pr\u00f3prio, no caso da igreja \u00e9 a mesma coisa, n\u00e3o aceitamos a cren\u00e7a ou n\u00e3o queremos seguir, por qualquer raz\u00e3o, ent\u00e3o fundamos a nossa. Por outro lado, tamb\u00e9m temos a busca imediata do milagre seja ele no estrito sentido da palavra, ou para resolver um problema mais imediato, como \u00e1lcool, dinheiro, problema com a esposa ou marido, filho que se envolveu com drogas, etc. N\u00e3o queremos investir na rela\u00e7\u00e3o, limitar a bebida, ou a comida, educar e cuidar dos filhos. Queremos algu\u00e9m que resolva nosso problema, nem que para isso, e especialmente, se isso for poss\u00edvel com algum dinheiro. De pronto aparece aquele pastor, que promete resolver, basta voc\u00ea fazer uma oferta, que por seu interm\u00e9dio o problema ser\u00e1 resolvido, e apresenta uma s\u00e9rie de exemplos e como chamam &#8220;dar o testemunho&#8221;.<\/p>\n<p style=\"text-align: justify;\">Se observarmos em outros pa\u00edses, o que temos por exemplo na Alemanha, em quase todas as comunidades, uma igreja cat\u00f3lica e uma evang\u00e9lica (luterana), pois dentro desta cultura, o povo n\u00e3o espera um milagre. Ele primeiro faz sua parte, investe nas rela\u00e7\u00f5es, cuida e educa os filhos, e a religi\u00e3o e a parte espiritual, importante e necess\u00e1ria para todos os povos.<\/p>\n<p style=\"text-align: justify;\">b) Com as farm\u00e1cias \u00e9 a mesma rela\u00e7\u00e3o: quando vamos ao m\u00e9dico, e no Brasil chamamos os hospitais, m\u00e9dicos, farmac\u00eauticos, enfermeiros, de sistema de sa\u00fade, e sempre vamos buscar nesse sistema a sa\u00fade, depois que perdemos. Os m\u00e9dicos por forma\u00e7\u00e3o, ou at\u00e9 pela for\u00e7a do capitalismo, sempre indicam alguns medicamentos, e s\u00e3o sempre alguns, pois \u00e9 muito raro voc\u00ea ir ao sistema de sa\u00fade e n\u00e3o sair com algumas receitas para mais exames e mais medicamentos. Se a pessoa for mais velha, ent\u00e3o \u00e9 comum ela tomar mais de uma dezena de rem\u00e9dios. Mais uma vez, minha gente, para o que buscamos n\u00e3o existe de forma autom\u00e1tica, a sa\u00fade e deveria ser nesse foco o nosso sistema de sa\u00fade, ter o maior investimento na melhoria da qualidade de vida, alimenta\u00e7\u00e3o saud\u00e1vel, exerc\u00edcios, relacionamento, educa\u00e7\u00e3o, sim educa\u00e7\u00e3o \u00e9 parte da sa\u00fade, f\u00edsica e mental. Mas isso demora, n\u00e3o \u00e9 imediato. Ent\u00e3o vivemos como se nunca fossemos morrer, e quando chegar a hora, pensamos que ser\u00e1 r\u00e1pido e indolor. S\u00f3 que n\u00e3o \u00e9 assim, a velhice chega! Existem medicamentos para muitos males, mas depois que a doen\u00e7a vem a sa\u00fade n\u00e3o volta mais. Ent\u00e3o vamos mudar, quando formos ao m\u00e9dico ou ao hospital. Vamos nos referir que vamos ao sistema da doen\u00e7a, se achar melhor, diga: vou dar uma passada na ind\u00fastria da doen\u00e7a e v\u00e1 ao m\u00e9dico, depois nos laborat\u00f3rios fazer uma infinidade de exames, depois na farm\u00e1cia comprar outra infinidade de rem\u00e9dios, depois volte ao m\u00e9dico, e a doen\u00e7a continua e a ind\u00fastria agradece.<\/p>\n<p style=\"text-align: justify;\">Ent\u00e3o, algu\u00e9m pode me perguntar: \u201cDevemos fechar as farm\u00e1cias?Claro que n\u00e3o, pois com essa mentalidade ir\u00edamos fazer passeatas para ter mais op\u00e7\u00f5es, e se o m\u00e9dico quiser comprar o rem\u00e9dio e repassar, da\u00ed seria ilegal, pois \u00e9 considerado venda casada, n\u00e3o, mais problemas n\u00e3o. O que precisamos \u00e9 mais educa\u00e7\u00e3o para perceber e ter consci\u00eancia que sa\u00fade e educa\u00e7\u00e3o s\u00e3o partes de um processo. Mas como far\u00edamos isso? Se a educa\u00e7\u00e3o que temos \u00e9 ruim, bem da\u00ed \u00e9 assunto para outros artigos. Mas precisamos refletir que educa\u00e7\u00e3o n\u00e3o \u00e9 papel s\u00f3 da escola, muito menos s\u00f3 do professor. \u00c9 um processo que deve come\u00e7ar em casa, desde pequeno, quando crian\u00e7a que ensinamos a comer, andar, conversar, respeitar, etc, para depois de adulto, termos sa\u00fade f\u00edsica pela alimenta\u00e7\u00e3o adequada e os exerc\u00edcios que aprendemos, e mental pelas rela\u00e7\u00f5es que constru\u00edmos. Em nenhum desses problemas os m\u00e9dicos ou professores poder\u00e3o mudar muito, portanto educa\u00e7\u00e3o \u00e9 um problema de sa\u00fade p\u00fablica.<\/p>\n<p style=\"text-align: right;\">\u00a0<b><i>Ademar Batista Pereira<\/i><\/b> \u2013 presidente da FEPEsul (Federa\u00e7\u00e3o dos Estabelecimentos Particulares de Ensino da Regi\u00e3o Sul) e articulista do site www.esominhaopiniao.com.br.<\/p>\n","protected":false},"excerpt":{"rendered":"<p>Quem j\u00e1 teve a oportunidade de viajar para outros pa\u00edses, seja Europa, Estados Unidos e \u00c1sia vai perceber que n\u00e3o se v\u00ea em parte nenhuma do mundo tantas farm\u00e1cias e igrejas. Ser\u00e1 que o brasileiro \u00e9 mais religioso e mais doente do que os outros povos? Claro que n\u00e3o! Somos mais individualistas e imediatistas do [&hellip;]<\/p>\n","protected":false},"author":2,"featured_media":0,"comment_status":"open","ping_status":"open","sticky":false,"template":"","format":"standard","meta":{"footnotes":""},"categories":[2],"tags":[],"_links":{"self":[{"href":"https:\/\/esominhaopiniao.com.br\/index.php?rest_route=\/wp\/v2\/posts\/120"}],"collection":[{"href":"https:\/\/esominhaopiniao.com.br\/index.php?rest_route=\/wp\/v2\/posts"}],"about":[{"href":"https:\/\/esominhaopiniao.com.br\/index.php?rest_route=\/wp\/v2\/types\/post"}],"author":[{"embeddable":true,"href":"https:\/\/esominhaopiniao.com.br\/index.php?rest_route=\/wp\/v2\/users\/2"}],"replies":[{"embeddable":true,"href":"https:\/\/esominhaopiniao.com.br\/index.php?rest_route=%2Fwp%2Fv2%2Fcomments&post=120"}],"version-history":[{"count":0,"href":"https:\/\/esominhaopiniao.com.br\/index.php?rest_route=\/wp\/v2\/posts\/120\/revisions"}],"wp:attachment":[{"href":"https:\/\/esominhaopiniao.com.br\/index.php?rest_route=%2Fwp%2Fv2%2Fmedia&parent=120"}],"wp:term":[{"taxonomy":"category","embeddable":true,"href":"https:\/\/esominhaopiniao.com.br\/index.php?rest_route=%2Fwp%2Fv2%2Fcategories&post=120"},{"taxonomy":"post_tag","embeddable":true,"href":"https:\/\/esominhaopiniao.com.br\/index.php?rest_route=%2Fwp%2Fv2%2Ftags&post=120"}],"curies":[{"name":"wp","href":"https:\/\/api.w.org\/{rel}","templated":true}]}}