{"id":116,"date":"2014-03-07T21:22:27","date_gmt":"2014-03-07T21:22:27","guid":{"rendered":"http:\/\/esominhaopiniao.com.br\/?p=116"},"modified":"2014-03-07T21:22:27","modified_gmt":"2014-03-07T21:22:27","slug":"a-metalurgizacao-dos-professores-no-brasil","status":"publish","type":"post","link":"https:\/\/esominhaopiniao.com.br\/?p=116","title":{"rendered":"A &#8220;metalurgiza\u00e7\u00e3o&#8221; dos professores no Brasil"},"content":{"rendered":"<p style=\"text-align: justify;\">Primeiramente, afirmo que n\u00e3o tenho nada contra os metal\u00fargicos. Acredito que eles representam uma importante categoria profissional de uma parte da ind\u00fastria, mas, nesta compara\u00e7\u00e3o que trago mostro que o que est\u00e3o fazendo com os professores \u00e9 no m\u00ednimo triste, para n\u00e3o dizer terr\u00edvel.<!--more--><\/p>\n<p style=\"text-align: justify;\">Partindo dessa vis\u00e3o, os l\u00edderes sindicais que se denominam trabalhadores da educa\u00e7\u00e3o, est\u00e3o tornando a mais nobre das atividades humanas, nem e medicina me parece mais nobre, em apenas mais uma profiss\u00e3o.\u00a0 Acredito que o professor \u00e9 o mestre, o educador, \u00e9 aquele que professa. Ser professor \u00e9 quase uma miss\u00e3o de vida, acredito que o professor se realiza com o sucesso do outro.<\/p>\n<p style=\"text-align: justify;\">Com a implanta\u00e7\u00e3o dessa vis\u00e3o de trabalhadores da educa\u00e7\u00e3o, os professores s\u00e3o levados a fazerem passeatas, baderna, arrua\u00e7as e deixam os alunos por meses sem aulas, tratando-os como se fossem pe\u00e7as de autom\u00f3veis, ou algum equipamento que deixaria de ser produzido quando os metal\u00fargicos fazem greves e paralisam as atividades da f\u00e1brica, uma simplifica\u00e7\u00e3o demasiado forte para a nobreza da atividade.<\/p>\n<p style=\"text-align: justify;\">No mundo todo, sabemos que a atividade de professor n\u00e3o deixa ningu\u00e9m rico, n\u00e3o quer dizer que n\u00e3o defenda e ache leg\u00edtimo que os professores devem ter um sal\u00e1rio digno, mas o que aumenta a satisfa\u00e7\u00e3o do professor, s\u00e3o as condi\u00e7\u00f5es de trabalho (salas limpas e iluminadas, respeito, autonomia, apoio), mas o que vemos no Brasil \u00e9 uma confus\u00e3o entre valoriza\u00e7\u00e3o profissional e aumento salarial.<\/p>\n<p style=\"text-align: justify;\">Quando os japoneses pensaram em industrializar o pa\u00eds, o imperador da \u00e9poca, para o valorizar e reconhecer o papel do professor, determinou que este profissional falaria sempre em p\u00e9. Atitude contr\u00e1ria ao h\u00e1bito daquele povo que estava acostumado a se ajoelhar na presen\u00e7a dele, e at\u00e9 hoje isso \u00e9 feito. Com esse simples gesto, os japoneses demonstram a import\u00e2ncia e o respeito que o professor merece.<\/p>\n<p style=\"text-align: justify;\">Quando foi que um presidente ou governador visitou uma escola aqui no Brasil? Em 1995 o presidente Fernando Henrique Cardoso foi em uma escola p\u00fablica de Campo Mour\u00e3o, deu aula para uma turma de ensino fundamental. Na \u00e9poca, ele foi bastante criticado por muitos profissionais de educa\u00e7\u00e3o, ou melhor dizendo, o sindicalista que aos poucos foram desvalorizando a nobre tarefa do educador em formar a pr\u00f3xima gera\u00e7\u00e3o.<\/p>\n<p style=\"text-align: justify;\">Hoje o Brasil \u00e9 uma grande rep\u00fablica sindical! Quem fala e est\u00e1 presente em qualquer solenidade \u00e9 o sindicalista ou o representante do trabalhador da educa\u00e7\u00e3o (um ex-professor, que est\u00e1 h\u00e1 muitos anos longe da atividade docente), sempre com um discurso para o trabalhador da educa\u00e7\u00e3o, nunca defendendo o professor, o mestre, os milh\u00f5es que est\u00e3o nas salas de aulas das milhares de escolas do Brasil, sozinhos, muitas vezes sendo desrespeitado por alunos e familiares. O sindicato ao inv\u00e9s de defender esse princ\u00edpio b\u00e1sico de autonomia,\u00a0 faz discursos vazios, sempre levando e comparando com as categorias profissionais que eles aprenderam a defender: os metal\u00fargicos. Precisamos resgatar o verdadeiro valor dos milh\u00f5es de professores por esse Brasil afora, e quem sabe o presidente da Rep\u00fablica ou os governadores do nosso pa\u00eds comecem a visitar escolas e conviver com os verdadeiros professores para que percebam que os professores est\u00e3o sozinhos, que precisam de ajuda, reconhecimento e respeito.<\/p>\n<p style=\"text-align: right;\"><em><strong>Ademar Batista Pereira<\/strong> \u2013 presidente da FEPESul<br \/>\n<\/em><em>(Federa\u00e7\u00e3o dos Estabelecimentos Particulares de Ensino da Regi\u00e3o Sul).<\/em><\/p>\n","protected":false},"excerpt":{"rendered":"<p>Primeiramente, afirmo que n\u00e3o tenho nada contra os metal\u00fargicos. Acredito que eles representam uma importante categoria profissional de uma parte da ind\u00fastria, mas, nesta compara\u00e7\u00e3o que trago mostro que o que est\u00e3o fazendo com os professores \u00e9 no m\u00ednimo triste, para n\u00e3o dizer terr\u00edvel.<\/p>\n","protected":false},"author":2,"featured_media":0,"comment_status":"open","ping_status":"open","sticky":false,"template":"","format":"standard","meta":{"footnotes":""},"categories":[2],"tags":[],"_links":{"self":[{"href":"https:\/\/esominhaopiniao.com.br\/index.php?rest_route=\/wp\/v2\/posts\/116"}],"collection":[{"href":"https:\/\/esominhaopiniao.com.br\/index.php?rest_route=\/wp\/v2\/posts"}],"about":[{"href":"https:\/\/esominhaopiniao.com.br\/index.php?rest_route=\/wp\/v2\/types\/post"}],"author":[{"embeddable":true,"href":"https:\/\/esominhaopiniao.com.br\/index.php?rest_route=\/wp\/v2\/users\/2"}],"replies":[{"embeddable":true,"href":"https:\/\/esominhaopiniao.com.br\/index.php?rest_route=%2Fwp%2Fv2%2Fcomments&post=116"}],"version-history":[{"count":0,"href":"https:\/\/esominhaopiniao.com.br\/index.php?rest_route=\/wp\/v2\/posts\/116\/revisions"}],"wp:attachment":[{"href":"https:\/\/esominhaopiniao.com.br\/index.php?rest_route=%2Fwp%2Fv2%2Fmedia&parent=116"}],"wp:term":[{"taxonomy":"category","embeddable":true,"href":"https:\/\/esominhaopiniao.com.br\/index.php?rest_route=%2Fwp%2Fv2%2Fcategories&post=116"},{"taxonomy":"post_tag","embeddable":true,"href":"https:\/\/esominhaopiniao.com.br\/index.php?rest_route=%2Fwp%2Fv2%2Ftags&post=116"}],"curies":[{"name":"wp","href":"https:\/\/api.w.org\/{rel}","templated":true}]}}