{"id":11,"date":"2009-12-04T10:00:41","date_gmt":"2009-12-04T10:00:41","guid":{"rendered":"http:\/\/esominhaopiniao.com.br\/wp_opiniao\/?p=11"},"modified":"2009-12-04T10:00:41","modified_gmt":"2009-12-04T10:00:41","slug":"ditadura-dos-fiscais","status":"publish","type":"post","link":"https:\/\/esominhaopiniao.com.br\/?p=11","title":{"rendered":"Ditadura dos Fiscais"},"content":{"rendered":"<p style=\"text-align: justify;\">A maioria dos brasileiros com mais de 40 anos, de alguma forma, lutou pelo fim da ditadura, entendendo que num pa\u00eds democr\u00e1tico ter\u00edamos mais liberdade e melhores condi\u00e7\u00f5es para produzir. Ledo engano!<img decoding=\"async\" title=\"Mais...\" alt=\"\" src=\"http:\/\/espacotorres.com.br\/wp_opiniao\/wp-includes\/js\/tinymce\/plugins\/wordpress\/img\/trans.gif\" \/><!--more--><\/p>\n<p style=\"text-align: justify;\">Hoje, nos deparamos com uma ditadura mais cruel, mais dura, e que ataca a todos ou pelo menos a todos que precisem de alguma libera\u00e7\u00e3o do governo para produzir. \u00c9 a DITADURA DOS FISCAIS.<\/p>\n<p style=\"text-align: justify;\">E s\u00e3o muitos! Temos diversos \u00f3rg\u00e3os com poder ditatorial, que atacam sempre as empresas. Sejam elas pequenas, m\u00e9dias ou grandes, l\u00e1 est\u00e3o eles, com seu poder ilimitado para interpretar a lei, e AUTUAR.<\/p>\n<p style=\"text-align: justify;\"><strong>1 &#8211;<\/strong> Fiscal do Corpo de Bombeiros;<br \/>\n<strong>2 &#8211;<\/strong> Fiscal da Vigil\u00e2ncia Sanit\u00e1ria;<br \/>\n<strong>3 &#8211;<\/strong> Fiscal da Receita Estadual;<br \/>\n<strong>4 &#8211;<\/strong> Fiscal da Receita Municipal;<br \/>\n<strong>5 &#8211;<\/strong> Fiscal dos conselhos profissionais, de Educa\u00e7\u00e3o F\u00edsica, Nutri\u00e7\u00e3o, Contabilidade, Bibliotec\u00e1rios, dentre outros.<\/p>\n<p style=\"text-align: justify;\">Anualmente, as empresas precisam renovar as vistorias, especialmente do Corpo de Bombeiros e da Vigil\u00e2ncia Sanit\u00e1ria, pois s\u00e3o documentos extremamente valiosos e t\u00eam dura\u00e7\u00e3o de um ano. Para conseguir tais preciosidades, as empresas precisam recolher uma taxa, que muitas vezes chega \u00e0 casa dos milhares de reais, e dar entrada a solicita\u00e7\u00e3o, aguardando ansiosamente pela presen\u00e7a do FISCAL.<\/p>\n<p style=\"text-align: justify;\">N\u00e3o sei se acontece somente com as escolas, mas \u00e9 praticamente imposs\u00edvel que se consiga a libera\u00e7\u00e3o na primeira visita. De pranchetas na m\u00e3o, os fiscais andam pelas empresas, anotam tudo e depois enviam, em um polpudo relat\u00f3rio, a NOTIFICA\u00c7\u00c3O de in\u00fameros problemas que precisam ser revolvidos. Apenas depois, a empresa pode solicitar nova visita, onde ser\u00e1 verificado se as orienta\u00e7\u00f5es foram atendidas. Se sim, a libera\u00e7\u00e3o do precioso documento deve chegar, ap\u00f3s um processo que costuma demorar mais de 90 dias.<\/p>\n<p style=\"text-align: justify;\">Atualmente, os empres\u00e1rios gastam mais de 50% do seu tempo buscando pap\u00e9is, certid\u00f5es e comprovando sua idoneidade. Tempo este que poderia utilizar para melhorar a qualidade de seus produtos ou servi\u00e7os e atendendo melhor os seus clientes, ou seja, produzindo e gerando mais riqueza, IMPOSTOS.<\/p>\n<p style=\"text-align: justify;\">Se n\u00e3o bastasse a fiscaliza\u00e7\u00e3o, o poder intang\u00edvel e sobrenatural desses \u00f3rg\u00e3os, em geral se concentram em profissionais sem preparo de relacionamento, desprovidos de qualquer bom senso, e que quando questionados respondem de forma direta e padronizada: &#8220;\u00c9 a norma&#8221;.<\/p>\n<p style=\"text-align: justify;\">Quando as autoridades governamentais tratar\u00e3o o contribuinte como cliente? Quando as autoridades perceber\u00e3o que podem matar a galinha dos ovos de ouro? At\u00e9 quando teremos que suportar isso?<\/p>\n<p style=\"text-align: justify;\">Se essa situa\u00e7\u00e3o n\u00e3o come\u00e7ar a mudar, n\u00e3o tenham d\u00favida, em 10 ou 15 anos, teremos apenas dois tipos de empresas no Brasil: as grandes e multinacionais e as informais.<\/p>\n<p style=\"text-align: right;\" align=\"right\"><em><strong>Ademar Batista Pereira<\/strong> \u00e9 presidente do Sinepe\/PR<\/em><\/p>\n","protected":false},"excerpt":{"rendered":"<p>A maioria dos brasileiros com mais de 40 anos, de alguma forma, lutou pelo fim da ditadura, entendendo que num pa\u00eds democr\u00e1tico ter\u00edamos mais liberdade e melhores condi\u00e7\u00f5es para produzir. Ledo engano!<\/p>\n","protected":false},"author":2,"featured_media":0,"comment_status":"open","ping_status":"open","sticky":false,"template":"","format":"standard","meta":{"footnotes":""},"categories":[2],"tags":[],"_links":{"self":[{"href":"https:\/\/esominhaopiniao.com.br\/index.php?rest_route=\/wp\/v2\/posts\/11"}],"collection":[{"href":"https:\/\/esominhaopiniao.com.br\/index.php?rest_route=\/wp\/v2\/posts"}],"about":[{"href":"https:\/\/esominhaopiniao.com.br\/index.php?rest_route=\/wp\/v2\/types\/post"}],"author":[{"embeddable":true,"href":"https:\/\/esominhaopiniao.com.br\/index.php?rest_route=\/wp\/v2\/users\/2"}],"replies":[{"embeddable":true,"href":"https:\/\/esominhaopiniao.com.br\/index.php?rest_route=%2Fwp%2Fv2%2Fcomments&post=11"}],"version-history":[{"count":0,"href":"https:\/\/esominhaopiniao.com.br\/index.php?rest_route=\/wp\/v2\/posts\/11\/revisions"}],"wp:attachment":[{"href":"https:\/\/esominhaopiniao.com.br\/index.php?rest_route=%2Fwp%2Fv2%2Fmedia&parent=11"}],"wp:term":[{"taxonomy":"category","embeddable":true,"href":"https:\/\/esominhaopiniao.com.br\/index.php?rest_route=%2Fwp%2Fv2%2Fcategories&post=11"},{"taxonomy":"post_tag","embeddable":true,"href":"https:\/\/esominhaopiniao.com.br\/index.php?rest_route=%2Fwp%2Fv2%2Ftags&post=11"}],"curies":[{"name":"wp","href":"https:\/\/api.w.org\/{rel}","templated":true}]}}